{"id":995,"date":"2021-10-01T18:00:00","date_gmt":"2021-10-01T18:00:00","guid":{"rendered":"https:\/\/xavierlazaro.com\/?p=995"},"modified":"2021-10-02T19:29:56","modified_gmt":"2021-10-02T19:29:56","slug":"o-xavier-alcancou-os-objetivos-para-2021","status":"publish","type":"post","link":"https:\/\/xavierlazaro.com\/en\/o-xavier-alcancou-os-objetivos-para-2021\/","title":{"rendered":"Xavier Has Achieved the Goals For 2021"},"content":{"rendered":"<figure class=\"wp-block-image size-large\"><img loading=\"lazy\" decoding=\"async\" width=\"1024\" height=\"576\" src=\"https:\/\/xavierlazaro.com\/wp-content\/uploads\/2021\/10\/2021XLCPKBragaPre1-1024x576.jpg\" alt=\"\" class=\"wp-image-997\" srcset=\"https:\/\/xavierlazaro.com\/wp-content\/uploads\/2021\/10\/2021XLCPKBragaPre1-1024x576.jpg 1024w, https:\/\/xavierlazaro.com\/wp-content\/uploads\/2021\/10\/2021XLCPKBragaPre1-300x169.jpg 300w, https:\/\/xavierlazaro.com\/wp-content\/uploads\/2021\/10\/2021XLCPKBragaPre1-768x432.jpg 768w, https:\/\/xavierlazaro.com\/wp-content\/uploads\/2021\/10\/2021XLCPKBragaPre1-1536x864.jpg 1536w, https:\/\/xavierlazaro.com\/wp-content\/uploads\/2021\/10\/2021XLCPKBragaPre1-150x84.jpg 150w, https:\/\/xavierlazaro.com\/wp-content\/uploads\/2021\/10\/2021XLCPKBragaPre1-696x392.jpg 696w, https:\/\/xavierlazaro.com\/wp-content\/uploads\/2021\/10\/2021XLCPKBragaPre1-1068x601.jpg 1068w, https:\/\/xavierlazaro.com\/wp-content\/uploads\/2021\/10\/2021XLCPKBragaPre1-747x420.jpg 747w, https:\/\/xavierlazaro.com\/wp-content\/uploads\/2021\/10\/2021XLCPKBragaPre1.jpg 1920w\" sizes=\"auto, (max-width: 1024px) 100vw, 1024px\" \/><\/figure>\n\n\n\n<p>This weekend, Xavier L\u00e1zaro will compete in the fifth and final round of the season in the Karting Portugal Championship KIA. The event will take place at the Kart\u00f3dromo Internacional de Braga (KIB), organized by ACDME.<\/p>\n\n\n\n<p>It will be another track where the young driver from V\u00e1rzea de Sintra will be competing for the first time behind the wheel of an X30 Mini kart, a category in which he started this year after becoming the national champion in the Initiation class in 2020.<\/p>\n\n\n\n<p><strong>\"Braga is an excellent track and perfect for hosting the last round of the championship for this year\"<\/strong>, said the father of the driver, Vasco L\u00e1zaro. <strong>\"It's a track that has hosted major karting events at a global level, where big names who are now stars in high-level motorsport have competed. There's nothing better than to wrap up the season in a debut category by visiting such an inspiring venue\"<\/strong><\/p>\n\n\n\n<figure class=\"wp-block-image size-large\"><img loading=\"lazy\" decoding=\"async\" width=\"1024\" height=\"576\" src=\"https:\/\/xavierlazaro.com\/wp-content\/uploads\/2021\/10\/2021XLCPKBragaPre2-1024x576.jpg\" alt=\"\" class=\"wp-image-1000\" srcset=\"https:\/\/xavierlazaro.com\/wp-content\/uploads\/2021\/10\/2021XLCPKBragaPre2-1024x576.jpg 1024w, https:\/\/xavierlazaro.com\/wp-content\/uploads\/2021\/10\/2021XLCPKBragaPre2-300x169.jpg 300w, https:\/\/xavierlazaro.com\/wp-content\/uploads\/2021\/10\/2021XLCPKBragaPre2-768x432.jpg 768w, https:\/\/xavierlazaro.com\/wp-content\/uploads\/2021\/10\/2021XLCPKBragaPre2-1536x864.jpg 1536w, https:\/\/xavierlazaro.com\/wp-content\/uploads\/2021\/10\/2021XLCPKBragaPre2-150x84.jpg 150w, https:\/\/xavierlazaro.com\/wp-content\/uploads\/2021\/10\/2021XLCPKBragaPre2-696x392.jpg 696w, https:\/\/xavierlazaro.com\/wp-content\/uploads\/2021\/10\/2021XLCPKBragaPre2-1068x601.jpg 1068w, https:\/\/xavierlazaro.com\/wp-content\/uploads\/2021\/10\/2021XLCPKBragaPre2-747x420.jpg 747w, https:\/\/xavierlazaro.com\/wp-content\/uploads\/2021\/10\/2021XLCPKBragaPre2.jpg 1920w\" sizes=\"auto, (max-width: 1024px) 100vw, 1024px\" \/><\/figure>\n\n\n\n<p>In this debut season, Xavier L\u00e1zaro has been fully committed to learning and improving his driving in the X30 Mini of the Cabo Junior Team (CJT), a kart significantly more demanding than the one in the Initiation class. Step by step, the young driver, who recently turned eight, has seized every opportunity to feel increasingly comfortable behind the wheel of the Kart Republic on the track. His skills have been gradually consolidating, more or less rapidly, depending on the challenges he faces. Although more comfortable on tracks where he has had more opportunities and time to train with the X30 Mini, Xavier L\u00e1zaro has been evolving consistently, showing promising signs for the future.<\/p>\n\n\n\n<figure class=\"wp-block-image size-large\"><img loading=\"lazy\" decoding=\"async\" width=\"1024\" height=\"576\" src=\"https:\/\/xavierlazaro.com\/wp-content\/uploads\/2021\/10\/2021XLCPKBragaPre3-1024x576.jpg\" alt=\"\" class=\"wp-image-1002\" srcset=\"https:\/\/xavierlazaro.com\/wp-content\/uploads\/2021\/10\/2021XLCPKBragaPre3-1024x576.jpg 1024w, https:\/\/xavierlazaro.com\/wp-content\/uploads\/2021\/10\/2021XLCPKBragaPre3-300x169.jpg 300w, https:\/\/xavierlazaro.com\/wp-content\/uploads\/2021\/10\/2021XLCPKBragaPre3-768x432.jpg 768w, https:\/\/xavierlazaro.com\/wp-content\/uploads\/2021\/10\/2021XLCPKBragaPre3-1536x864.jpg 1536w, https:\/\/xavierlazaro.com\/wp-content\/uploads\/2021\/10\/2021XLCPKBragaPre3-150x84.jpg 150w, https:\/\/xavierlazaro.com\/wp-content\/uploads\/2021\/10\/2021XLCPKBragaPre3-696x392.jpg 696w, https:\/\/xavierlazaro.com\/wp-content\/uploads\/2021\/10\/2021XLCPKBragaPre3-1068x601.jpg 1068w, https:\/\/xavierlazaro.com\/wp-content\/uploads\/2021\/10\/2021XLCPKBragaPre3-747x420.jpg 747w, https:\/\/xavierlazaro.com\/wp-content\/uploads\/2021\/10\/2021XLCPKBragaPre3.jpg 1920w\" sizes=\"auto, (max-width: 1024px) 100vw, 1024px\" \/><\/figure>\n\n\n\n<p><strong>\"Xavier has been doing a fantastic job, considering he is by far the youngest in the field\"<\/strong>Vasco L\u00e1zaro mentioned. <strong>\"Throughout the season, he has known how to listen and put into practice everything that is told to him. He is very intelligent, and for his age, his ability to read the terrain and the various moments of a race is remarkable, while also taking advantage of his technique. This has been a year of learning, but Xavier is enjoying and absorbing all the information that is being conveyed to him. He has been more comfortable on tracks where we had more opportunities to test, but even in Braga, he has already shown that he is at ease behind the wheel of the X30 Mini. Xavier has already achieved his goals for 2021, and above all, in Braga, I hope he enjoys himself on the track, which I'm sure he will\"<\/strong> <\/p>\n\n\n\n<p>The race program for Xavier L\u00e1zaro in Braga will begin tomorrow with the official free practice and timed sessions, followed by the 1st Qualifying Heat and Race 1. <\/p>\n\n\n\n<p>Photos: <strong>Hellofoto<\/strong><\/p>","protected":false},"excerpt":{"rendered":"<p>Xavier L\u00e1zaro disputa este fim de semana a quinta e derradeira etapa da temporada no Campeonato de Portugal de Karting KIA. A prova ir\u00e1 decorrer no Kart\u00f3dromo Internacional de Braga (KIB), com organiza\u00e7\u00e3o a cargo da ACDME. Ser\u00e1 mais uma pista em que o jovem piloto da V\u00e1rzea de Sintra ir\u00e1 estar a competir pela [&hellip;]<\/p>\n","protected":false},"author":1,"featured_media":997,"comment_status":"closed","ping_status":"closed","sticky":false,"template":"","format":"standard","meta":{"_monsterinsights_skip_tracking":false,"_monsterinsights_sitenote_active":false,"_monsterinsights_sitenote_note":"","_monsterinsights_sitenote_category":0,"_uf_show_specific_survey":0,"_uf_disable_surveys":false,"footnotes":""},"categories":[3],"tags":[17,8,24,9,16,25,7],"class_list":{"0":"post-995","1":"post","2":"type-post","3":"status-publish","4":"format-standard","5":"has-post-thumbnail","7":"category-noticias","8":"tag-cabo-junior-team-2","9":"tag-campeonato-portugal-karting-kia","10":"tag-kart-republic","11":"tag-kartodromo-internacional-braga","12":"tag-vasco-lazaro","13":"tag-x30-mini","14":"tag-xavier-lazaro"},"aioseo_notices":[],"amp_enabled":true,"_links":{"self":[{"href":"https:\/\/xavierlazaro.com\/en\/wp-json\/wp\/v2\/posts\/995","targetHints":{"allow":["GET"]}}],"collection":[{"href":"https:\/\/xavierlazaro.com\/en\/wp-json\/wp\/v2\/posts"}],"about":[{"href":"https:\/\/xavierlazaro.com\/en\/wp-json\/wp\/v2\/types\/post"}],"author":[{"embeddable":true,"href":"https:\/\/xavierlazaro.com\/en\/wp-json\/wp\/v2\/users\/1"}],"replies":[{"embeddable":true,"href":"https:\/\/xavierlazaro.com\/en\/wp-json\/wp\/v2\/comments?post=995"}],"version-history":[{"count":9,"href":"https:\/\/xavierlazaro.com\/en\/wp-json\/wp\/v2\/posts\/995\/revisions"}],"predecessor-version":[{"id":1013,"href":"https:\/\/xavierlazaro.com\/en\/wp-json\/wp\/v2\/posts\/995\/revisions\/1013"}],"wp:featuredmedia":[{"embeddable":true,"href":"https:\/\/xavierlazaro.com\/en\/wp-json\/wp\/v2\/media\/997"}],"wp:attachment":[{"href":"https:\/\/xavierlazaro.com\/en\/wp-json\/wp\/v2\/media?parent=995"}],"wp:term":[{"taxonomy":"category","embeddable":true,"href":"https:\/\/xavierlazaro.com\/en\/wp-json\/wp\/v2\/categories?post=995"},{"taxonomy":"post_tag","embeddable":true,"href":"https:\/\/xavierlazaro.com\/en\/wp-json\/wp\/v2\/tags?post=995"}],"curies":[{"name":"wp","href":"https:\/\/api.w.org\/{rel}","templated":true}]}}