{"id":874,"date":"2021-06-12T19:27:48","date_gmt":"2021-06-12T19:27:48","guid":{"rendered":"https:\/\/xavierlazaro.com\/?p=874"},"modified":"2021-06-12T19:32:13","modified_gmt":"2021-06-12T19:32:13","slug":"no-bom-caminho","status":"publish","type":"post","link":"https:\/\/xavierlazaro.com\/en\/no-bom-caminho\/","title":{"rendered":"On the Right Path"},"content":{"rendered":"<figure class=\"wp-block-image size-large\"><img loading=\"lazy\" decoding=\"async\" width=\"1024\" height=\"576\" src=\"https:\/\/xavierlazaro.com\/wp-content\/uploads\/2021\/06\/2021XLCPKBaltar1-1024x576.jpg\" alt=\"\" class=\"wp-image-875\" srcset=\"https:\/\/xavierlazaro.com\/wp-content\/uploads\/2021\/06\/2021XLCPKBaltar1-1024x576.jpg 1024w, https:\/\/xavierlazaro.com\/wp-content\/uploads\/2021\/06\/2021XLCPKBaltar1-300x169.jpg 300w, https:\/\/xavierlazaro.com\/wp-content\/uploads\/2021\/06\/2021XLCPKBaltar1-768x432.jpg 768w, https:\/\/xavierlazaro.com\/wp-content\/uploads\/2021\/06\/2021XLCPKBaltar1-1536x864.jpg 1536w, https:\/\/xavierlazaro.com\/wp-content\/uploads\/2021\/06\/2021XLCPKBaltar1-150x84.jpg 150w, https:\/\/xavierlazaro.com\/wp-content\/uploads\/2021\/06\/2021XLCPKBaltar1-696x392.jpg 696w, https:\/\/xavierlazaro.com\/wp-content\/uploads\/2021\/06\/2021XLCPKBaltar1-1068x601.jpg 1068w, https:\/\/xavierlazaro.com\/wp-content\/uploads\/2021\/06\/2021XLCPKBaltar1-747x420.jpg 747w, https:\/\/xavierlazaro.com\/wp-content\/uploads\/2021\/06\/2021XLCPKBaltar1.jpg 1920w\" sizes=\"auto, (max-width: 1024px) 100vw, 1024px\" \/><\/figure>\n\n\n\n<p>Xavier L\u00e1zaro is this weekend in Baltar to continue his first season in X30 Mini, competing in the third stage of the Portuguese Karting Championship, in an event organized by the Minho Automobile Club. On the first of the two days of the event, the reigning champion in the Initiation class had a very positive performance, showing himself increasingly comfortable in the new category and behind the wheel of the Kart Republic\/X30 Waterswift of Cabo J\u00fanior Team (CJT). <\/p>\n\n\n\n<p>On a difficult track and on a very hot day, the young seven-year-old showed very positive signs, not only regarding his pace but also due to the competitiveness demonstrated on the track. <\/p>\n\n\n\n<p>In the timed practice sessions, Xavier L\u00e1zaro ended up with the 14th time out of the 15 drivers present at the Baltar Karting Circuit. His best lap was recorded in 54.428 seconds, leaving him just over a second behind the driver <em>on pole<\/em>. However, at that time, it was his best absolute lap on the track, which showed improvement compared to the two free practice sessions.<\/p>\n\n\n\n<figure class=\"wp-block-image size-large\"><img loading=\"lazy\" decoding=\"async\" width=\"1024\" height=\"576\" src=\"https:\/\/xavierlazaro.com\/wp-content\/uploads\/2021\/06\/2021XLCPKBaltar2-1024x576.jpg\" alt=\"\" class=\"wp-image-878\" srcset=\"https:\/\/xavierlazaro.com\/wp-content\/uploads\/2021\/06\/2021XLCPKBaltar2-1024x576.jpg 1024w, https:\/\/xavierlazaro.com\/wp-content\/uploads\/2021\/06\/2021XLCPKBaltar2-300x169.jpg 300w, https:\/\/xavierlazaro.com\/wp-content\/uploads\/2021\/06\/2021XLCPKBaltar2-768x432.jpg 768w, https:\/\/xavierlazaro.com\/wp-content\/uploads\/2021\/06\/2021XLCPKBaltar2-1536x864.jpg 1536w, https:\/\/xavierlazaro.com\/wp-content\/uploads\/2021\/06\/2021XLCPKBaltar2-150x84.jpg 150w, https:\/\/xavierlazaro.com\/wp-content\/uploads\/2021\/06\/2021XLCPKBaltar2-696x392.jpg 696w, https:\/\/xavierlazaro.com\/wp-content\/uploads\/2021\/06\/2021XLCPKBaltar2-1068x601.jpg 1068w, https:\/\/xavierlazaro.com\/wp-content\/uploads\/2021\/06\/2021XLCPKBaltar2-747x420.jpg 747w, https:\/\/xavierlazaro.com\/wp-content\/uploads\/2021\/06\/2021XLCPKBaltar2.jpg 1920w\" sizes=\"auto, (max-width: 1024px) 100vw, 1024px\" \/><\/figure>\n\n\n\n<p>Starting from 14th place for the 1st Qualifying Heat, L\u00e1zaro was strong at the beginning, but eventually lost some pace in the final laps due to fatigue and the intense heat experienced today on the track. Nevertheless, he finished the race in 10th position, four places ahead of where he had started for the 12-lap race. <\/p>\n\n\n\n<p>Later, in Race 1, Xavier L\u00e1zaro had an excellent start to the race, even reaching the sixth position in the first few laps. With 16 laps (4 more than the Qualifying Heat), this race was very challenging for the young driver from V\u00e1rzea de Sintra, who once again struggled a bit with fatigue and heat in the final laps, eventually finishing in 11th place. <\/p>\n\n\n\n<p><strong>\"Xavi once again did very well\"<\/strong>, at the end of the day,\" said father Vasco L\u00e1zaro. <strong>\"It's very hot here in Baltar, the track is very challenging, with ups and downs, and overall it's very technical. The final race was 16 laps, and 'Xavi,' while he's in good physical condition, is getting stronger and more comfortable in the kart. Of course, fatigue sets in towards the end, leading to some mistakes. But all of this is part of a learning process that we know is part of the first year in this category. He evolves daily, and once again today, he didn't receive any penalties, which shows how focused he is during the races\"<\/strong>.<\/p>\n\n\n\n<p>Photos: <strong>Hellofoto<\/strong>   <\/p>","protected":false},"excerpt":{"rendered":"<p>Xavier L\u00e1zaro est\u00e1 este fim de semana em Baltar para continuar a sua primeira temporada na X30 Mini, competindo na terceira etapa do Campeonato de Portugal de Karting, em prova organizada pelo Clube Autom\u00f3vel do Minho. No primeiro dos dois dias da prova, o Campe\u00e3o em t\u00edtulo da Inicia\u00e7\u00e3o teve um desempenho bastante positivo, mostrando-se [&hellip;]<\/p>\n","protected":false},"author":1,"featured_media":875,"comment_status":"closed","ping_status":"closed","sticky":false,"template":"","format":"standard","meta":{"_monsterinsights_skip_tracking":false,"_monsterinsights_sitenote_active":false,"_monsterinsights_sitenote_note":"","_monsterinsights_sitenote_category":0,"_uf_show_specific_survey":0,"_uf_disable_surveys":false,"footnotes":""},"categories":[3],"tags":[17,20,27,24,43,16,7],"class_list":{"0":"post-874","1":"post","2":"type-post","3":"status-publish","4":"format-standard","5":"has-post-thumbnail","7":"category-noticias","8":"tag-cabo-junior-team-2","9":"tag-clube-automovel-minho","10":"tag-cpk-2021","11":"tag-kart-republic","12":"tag-kartodromo-de-baltar","13":"tag-vasco-lazaro","14":"tag-xavier-lazaro"},"aioseo_notices":[],"amp_enabled":true,"_links":{"self":[{"href":"https:\/\/xavierlazaro.com\/en\/wp-json\/wp\/v2\/posts\/874","targetHints":{"allow":["GET"]}}],"collection":[{"href":"https:\/\/xavierlazaro.com\/en\/wp-json\/wp\/v2\/posts"}],"about":[{"href":"https:\/\/xavierlazaro.com\/en\/wp-json\/wp\/v2\/types\/post"}],"author":[{"embeddable":true,"href":"https:\/\/xavierlazaro.com\/en\/wp-json\/wp\/v2\/users\/1"}],"replies":[{"embeddable":true,"href":"https:\/\/xavierlazaro.com\/en\/wp-json\/wp\/v2\/comments?post=874"}],"version-history":[{"count":9,"href":"https:\/\/xavierlazaro.com\/en\/wp-json\/wp\/v2\/posts\/874\/revisions"}],"predecessor-version":[{"id":887,"href":"https:\/\/xavierlazaro.com\/en\/wp-json\/wp\/v2\/posts\/874\/revisions\/887"}],"wp:featuredmedia":[{"embeddable":true,"href":"https:\/\/xavierlazaro.com\/en\/wp-json\/wp\/v2\/media\/875"}],"wp:attachment":[{"href":"https:\/\/xavierlazaro.com\/en\/wp-json\/wp\/v2\/media?parent=874"}],"wp:term":[{"taxonomy":"category","embeddable":true,"href":"https:\/\/xavierlazaro.com\/en\/wp-json\/wp\/v2\/categories?post=874"},{"taxonomy":"post_tag","embeddable":true,"href":"https:\/\/xavierlazaro.com\/en\/wp-json\/wp\/v2\/tags?post=874"}],"curies":[{"name":"wp","href":"https:\/\/api.w.org\/{rel}","templated":true}]}}