{"id":598,"date":"2021-03-13T19:40:00","date_gmt":"2021-03-13T19:40:00","guid":{"rendered":"https:\/\/xavierlazaro.com\/?p=598"},"modified":"2021-03-13T19:45:28","modified_gmt":"2021-03-13T19:45:28","slug":"estreia-de-xavier-lazaro-na-x30-mini-da-excelentes-indicacoes","status":"publish","type":"post","link":"https:\/\/xavierlazaro.com\/en\/estreia-de-xavier-lazaro-na-x30-mini-da-excelentes-indicacoes\/","title":{"rendered":"Xavier L\u00e1zaro's Debut In the X30 Mini Category Shows Great Promise"},"content":{"rendered":"<figure class=\"wp-block-image size-large\"><img loading=\"lazy\" decoding=\"async\" width=\"1024\" height=\"576\" src=\"https:\/\/xavierlazaro.com\/wp-content\/uploads\/2021\/03\/News1TcPortugalDia1Mini-1024x576.jpg\" alt=\"\" class=\"wp-image-600\" srcset=\"https:\/\/xavierlazaro.com\/wp-content\/uploads\/2021\/03\/News1TcPortugalDia1Mini-1024x576.jpg 1024w, https:\/\/xavierlazaro.com\/wp-content\/uploads\/2021\/03\/News1TcPortugalDia1Mini-300x169.jpg 300w, https:\/\/xavierlazaro.com\/wp-content\/uploads\/2021\/03\/News1TcPortugalDia1Mini-768x432.jpg 768w, https:\/\/xavierlazaro.com\/wp-content\/uploads\/2021\/03\/News1TcPortugalDia1Mini-150x84.jpg 150w, https:\/\/xavierlazaro.com\/wp-content\/uploads\/2021\/03\/News1TcPortugalDia1Mini-696x392.jpg 696w, https:\/\/xavierlazaro.com\/wp-content\/uploads\/2021\/03\/News1TcPortugalDia1Mini-1068x601.jpg 1068w, https:\/\/xavierlazaro.com\/wp-content\/uploads\/2021\/03\/News1TcPortugalDia1Mini-747x420.jpg 747w, https:\/\/xavierlazaro.com\/wp-content\/uploads\/2021\/03\/News1TcPortugalDia1Mini.jpg 1280w\" sizes=\"auto, (max-width: 1024px) 100vw, 1024px\" \/><figcaption>Photo: <strong>Daniela L\u00e1zaro<\/strong><\/figcaption><\/figure>\n\n\n\n<p>Debuting in the X30 Mini, Xavier L\u00e1zaro had his first competitive experience in what will be his category in 2021 today in Portim\u00e3o. Taking advantage of the opportunity to debut in competition during the late dispute of the 2020 Portugal Karting Cup, Xavier L\u00e1zaro has already shown good signs of what his performance could be in this new competitive challenge. <\/p>\n\n\n\n<p>Right in the timed practice sessions held during the morning, L\u00e1zaro drove the Kart Republic from Cabo J\u00fanior Team (CJT) to the 4th best time among the 12 present drivers. His lap time of 1m08.911 left him less than half a second behind the pole position holder, on one of the most complex and challenging tracks in our country. <\/p>\n\n\n\n<p>With both qualifying heats for the X30 Mini held today, Xavier L\u00e1zaro could already feel the toughness of this new challenge, in one of the most competitive categories present at the Kart\u00f3dromo Internacional do Algarve (KIA) this weekend. Clearly, in this first experience, the performance was better than the results, with the driver from V\u00e1rzea de Sintra finishing 11th and 7th in the two races. Very competitive and determined on track, aware that in this category and on the Portim\u00e3o circuit, the pace is conditioned by aerodynamics, Xavier L\u00e1zaro was always quick to ensure he was in the slipstream of other drivers, but his inexperience ultimately affected the results, as he was penalized in both races (one for leaving the corridors at the start and another for damage to the nose of his Kart Republic).<\/p>\n\n\n\n<p><strong>\"I can't help but be very happy with Xavier's performance today\"<\/strong>, stated his father, Vasco L\u00e1zaro, at the end of the day. <strong>\"Being within half a second of the fastest time in the timed sessions, on the most challenging track we have in Portugal, shows how strong 'Xavi' was today. He ended up with two penalties, but that was pure inexperience, something that will be worked on a lot during the season\"<\/strong>.<\/p>\n\n\n\n<p>Tomorrow, the Pre-Final and Final of the category will be contested. <strong><a href=\"http:\/\/cpkarting.pt\/resultados\/\" target=\"_blank\" rel=\"noreferrer noopener\">Here<\/a><\/strong> are all the results from today.    <\/p>","protected":false},"excerpt":{"rendered":"<p>Estreante na X30 Mini, Xavier L\u00e1zaro teve hoje em Portim\u00e3o a sua primeira experi\u00eancia competitiva naquela que ser\u00e1 a sua categoria em 2021. Tirando partido da possibilidade de se estrear em competi\u00e7\u00e3o na tardia disputa da Ta\u00e7a de Portugal de Karting 2020, Xavier L\u00e1zaro j\u00e1 deixou boas indica\u00e7\u00f5es do que poder\u00e1 vir a ser o [&hellip;]<\/p>\n","protected":false},"author":1,"featured_media":600,"comment_status":"closed","ping_status":"closed","sticky":false,"template":"","format":"standard","meta":{"_monsterinsights_skip_tracking":false,"_monsterinsights_sitenote_active":false,"_monsterinsights_sitenote_note":"","_monsterinsights_sitenote_category":0,"_uf_show_specific_survey":0,"_uf_disable_surveys":false,"footnotes":""},"categories":[3],"tags":[17,24,22,23,25,7],"class_list":{"0":"post-598","1":"post","2":"type-post","3":"status-publish","4":"format-standard","5":"has-post-thumbnail","7":"category-noticias","8":"tag-cabo-junior-team-2","9":"tag-kart-republic","10":"tag-kartodromo-internacional-algarve","11":"tag-taca-de-portugal-karting","12":"tag-x30-mini","13":"tag-xavier-lazaro"},"aioseo_notices":[],"amp_enabled":true,"_links":{"self":[{"href":"https:\/\/xavierlazaro.com\/en\/wp-json\/wp\/v2\/posts\/598","targetHints":{"allow":["GET"]}}],"collection":[{"href":"https:\/\/xavierlazaro.com\/en\/wp-json\/wp\/v2\/posts"}],"about":[{"href":"https:\/\/xavierlazaro.com\/en\/wp-json\/wp\/v2\/types\/post"}],"author":[{"embeddable":true,"href":"https:\/\/xavierlazaro.com\/en\/wp-json\/wp\/v2\/users\/1"}],"replies":[{"embeddable":true,"href":"https:\/\/xavierlazaro.com\/en\/wp-json\/wp\/v2\/comments?post=598"}],"version-history":[{"count":6,"href":"https:\/\/xavierlazaro.com\/en\/wp-json\/wp\/v2\/posts\/598\/revisions"}],"predecessor-version":[{"id":605,"href":"https:\/\/xavierlazaro.com\/en\/wp-json\/wp\/v2\/posts\/598\/revisions\/605"}],"wp:featuredmedia":[{"embeddable":true,"href":"https:\/\/xavierlazaro.com\/en\/wp-json\/wp\/v2\/media\/600"}],"wp:attachment":[{"href":"https:\/\/xavierlazaro.com\/en\/wp-json\/wp\/v2\/media?parent=598"}],"wp:term":[{"taxonomy":"category","embeddable":true,"href":"https:\/\/xavierlazaro.com\/en\/wp-json\/wp\/v2\/categories?post=598"},{"taxonomy":"post_tag","embeddable":true,"href":"https:\/\/xavierlazaro.com\/en\/wp-json\/wp\/v2\/tags?post=598"}],"curies":[{"name":"wp","href":"https:\/\/api.w.org\/{rel}","templated":true}]}}