{"id":357,"date":"2020-10-17T06:30:07","date_gmt":"2020-10-17T06:30:07","guid":{"rendered":"http:\/\/www.xavierlazaro.com\/?p=357"},"modified":"2020-10-18T12:55:10","modified_gmt":"2020-10-18T12:55:10","slug":"xavier-lazaro-foi-mais-forte-este-sabado","status":"publish","type":"post","link":"https:\/\/xavierlazaro.com\/en\/xavier-lazaro-foi-mais-forte-este-sabado\/","title":{"rendered":"Xavier L\u00e1zaro Was Stronger This Saturday"},"content":{"rendered":"<figure class=\"wp-block-image size-large is-resized\"><img loading=\"lazy\" decoding=\"async\" src=\"http:\/\/www.xavierlazaro.com\/wp-content\/uploads\/2020\/10\/2020NewsXL1BragaDia2b-1024x576.jpg\" alt=\"\" class=\"wp-image-358\" width=\"696\" height=\"391\" srcset=\"https:\/\/xavierlazaro.com\/wp-content\/uploads\/2020\/10\/2020NewsXL1BragaDia2b-1024x576.jpg 1024w, https:\/\/xavierlazaro.com\/wp-content\/uploads\/2020\/10\/2020NewsXL1BragaDia2b-300x169.jpg 300w, https:\/\/xavierlazaro.com\/wp-content\/uploads\/2020\/10\/2020NewsXL1BragaDia2b-768x432.jpg 768w, https:\/\/xavierlazaro.com\/wp-content\/uploads\/2020\/10\/2020NewsXL1BragaDia2b-1536x864.jpg 1536w, https:\/\/xavierlazaro.com\/wp-content\/uploads\/2020\/10\/2020NewsXL1BragaDia2b-150x84.jpg 150w, https:\/\/xavierlazaro.com\/wp-content\/uploads\/2020\/10\/2020NewsXL1BragaDia2b-696x392.jpg 696w, https:\/\/xavierlazaro.com\/wp-content\/uploads\/2020\/10\/2020NewsXL1BragaDia2b-1068x601.jpg 1068w, https:\/\/xavierlazaro.com\/wp-content\/uploads\/2020\/10\/2020NewsXL1BragaDia2b.jpg 1920w\" sizes=\"auto, (max-width: 696px) 100vw, 696px\" \/><figcaption>Photo: <strong>Hellofoto<\/strong><\/figcaption><\/figure>\n\n\n\n<p>With the first day of the penultimate stage of the Portuguese Karting Championship KIA at the International Kartodrome of Braga concluded, Xavier L\u00e1zaro positioned himself closer to clinching the national title in the Initiation category. Driving the Birel\/Honda for Cabo J\u00fanior Team, the youngster from V\u00e1rzea de Sintra began by setting the fastest time in the timed practice sessions (1m32.747), leaving his closest rival almost a second behind (+0.928s).<\/p>\n\n\n\n<p>During the afternoon, Xavier L\u00e1zaro solidified his dominance of the day by winning both qualifying heats, although the competition narrowed the gap. In the first qualifying heat, L\u00e1zaro finished the race with a 0.240s advantage over Francisco Correia, his main rival in the title race. In the final race of the day (2nd MQ), the driver from Cabo J\u00fanior Team managed a 0.207s lead over Francisco Correia. The results obtained instill confidence for tomorrow's activities, with the Pre-Final and Final races ahead.<\/p>\n\n\n\n<p><strong>\"I'm happy\"<\/strong>, confessed Xavier L\u00e1zaro at the end of the day. <strong>\"My kart is excellent, thanks to my mother who always takes good care of my Birel with Honda engine\"<\/strong> <\/p>","protected":false},"excerpt":{"rendered":"<p>Terminado que est\u00e1 o primeiro dia na pen\u00faltima etapa do Campeonato de Portugal de Karting KIA no Kart\u00f3dromo internacional de Braga, Xavier L\u00e1zaro colocou-se mais pr\u00f3ximo da conquista do t\u00edtulo nacional na categoria Inicia\u00e7\u00e3o. Aos comandos do Birel\/Honda do Cabo J\u00fanior Team, o jovem da V\u00e1rzea de Sintra come\u00e7ou por marcar o melhor tempo nos [&hellip;]<\/p>\n","protected":false},"author":1,"featured_media":358,"comment_status":"closed","ping_status":"closed","sticky":false,"template":"","format":"standard","meta":{"_monsterinsights_skip_tracking":false,"_monsterinsights_sitenote_active":false,"_monsterinsights_sitenote_note":"","_monsterinsights_sitenote_category":0,"_uf_show_specific_survey":0,"_uf_disable_surveys":false,"footnotes":""},"categories":[3],"tags":[],"class_list":{"0":"post-357","1":"post","2":"type-post","3":"status-publish","4":"format-standard","5":"has-post-thumbnail","7":"category-noticias"},"aioseo_notices":[],"amp_enabled":true,"_links":{"self":[{"href":"https:\/\/xavierlazaro.com\/en\/wp-json\/wp\/v2\/posts\/357","targetHints":{"allow":["GET"]}}],"collection":[{"href":"https:\/\/xavierlazaro.com\/en\/wp-json\/wp\/v2\/posts"}],"about":[{"href":"https:\/\/xavierlazaro.com\/en\/wp-json\/wp\/v2\/types\/post"}],"author":[{"embeddable":true,"href":"https:\/\/xavierlazaro.com\/en\/wp-json\/wp\/v2\/users\/1"}],"replies":[{"embeddable":true,"href":"https:\/\/xavierlazaro.com\/en\/wp-json\/wp\/v2\/comments?post=357"}],"version-history":[{"count":3,"href":"https:\/\/xavierlazaro.com\/en\/wp-json\/wp\/v2\/posts\/357\/revisions"}],"predecessor-version":[{"id":4260,"href":"https:\/\/xavierlazaro.com\/en\/wp-json\/wp\/v2\/posts\/357\/revisions\/4260"}],"wp:featuredmedia":[{"embeddable":true,"href":"https:\/\/xavierlazaro.com\/en\/wp-json\/wp\/v2\/media\/358"}],"wp:attachment":[{"href":"https:\/\/xavierlazaro.com\/en\/wp-json\/wp\/v2\/media?parent=357"}],"wp:term":[{"taxonomy":"category","embeddable":true,"href":"https:\/\/xavierlazaro.com\/en\/wp-json\/wp\/v2\/categories?post=357"},{"taxonomy":"post_tag","embeddable":true,"href":"https:\/\/xavierlazaro.com\/en\/wp-json\/wp\/v2\/tags?post=357"}],"curies":[{"name":"wp","href":"https:\/\/api.w.org\/{rel}","templated":true}]}}