{"id":3529,"date":"2023-11-05T16:50:00","date_gmt":"2023-11-05T16:50:00","guid":{"rendered":"https:\/\/xavierlazaro.com\/?p=3529"},"modified":"2023-11-05T17:02:39","modified_gmt":"2023-11-05T17:02:39","slug":"xavier-lazaro-garante-primeiro-podio-portugues-na-mini-no-wsk","status":"publish","type":"post","link":"https:\/\/xavierlazaro.com\/en\/xavier-lazaro-garante-primeiro-podio-portugues-na-mini-no-wsk\/","title":{"rendered":"Xavier L\u00e1zaro Secures the First Portuguese Podium in Mini at WSK"},"content":{"rendered":"<figure class=\"wp-block-image size-large\"><img loading=\"lazy\" decoding=\"async\" width=\"1024\" height=\"576\" src=\"https:\/\/xavierlazaro.com\/wp-content\/uploads\/2023\/11\/2023XLWSKESR2SarnoP1-1024x576.jpg\" alt=\"\" class=\"wp-image-3540\" srcset=\"https:\/\/xavierlazaro.com\/wp-content\/uploads\/2023\/11\/2023XLWSKESR2SarnoP1-1024x576.jpg 1024w, https:\/\/xavierlazaro.com\/wp-content\/uploads\/2023\/11\/2023XLWSKESR2SarnoP1-300x169.jpg 300w, https:\/\/xavierlazaro.com\/wp-content\/uploads\/2023\/11\/2023XLWSKESR2SarnoP1-768x432.jpg 768w, https:\/\/xavierlazaro.com\/wp-content\/uploads\/2023\/11\/2023XLWSKESR2SarnoP1-1536x864.jpg 1536w, https:\/\/xavierlazaro.com\/wp-content\/uploads\/2023\/11\/2023XLWSKESR2SarnoP1-150x84.jpg 150w, https:\/\/xavierlazaro.com\/wp-content\/uploads\/2023\/11\/2023XLWSKESR2SarnoP1-696x392.jpg 696w, https:\/\/xavierlazaro.com\/wp-content\/uploads\/2023\/11\/2023XLWSKESR2SarnoP1-1068x601.jpg 1068w, https:\/\/xavierlazaro.com\/wp-content\/uploads\/2023\/11\/2023XLWSKESR2SarnoP1-747x420.jpg 747w, https:\/\/xavierlazaro.com\/wp-content\/uploads\/2023\/11\/2023XLWSKESR2SarnoP1.jpg 1920w\" sizes=\"auto, (max-width: 1024px) 100vw, 1024px\" \/><\/figure>\n\n\n\n<p>This afternoon, Xavier L\u00e1zaro etched his name among the drivers who secured a podium in the Mini category at WSK. The young Portuguese driver, who recently turned ten, finished in third place in today's final of the Mini Sub 10 class, at the second and final stage of the WSK Euro Series at the Circuito Internazionale Napoli in Sarno, Italy. This goes down in history as the first podium for a Portuguese driver in the Mini category in competitions organized by the prestigious Italian promoter WSK Promotion, one of the world's leading event promoters in the sport. <\/p>\n\n\n\n<p>Throughout the weekend, the performance of the young Portuguese from V\u00e1rzea de Sintra bordered on perfection. Despite significant instability in the atmospheric conditions at Sarno, Xavier L\u00e1zaro was the second fastest in his series during Qualifying (3rd overall). In the three heats contested, the DR team driver consistently fought for the top spot, holding that position several times. He finished the first heat in second place and took third in the next two. In the Pre-Final, starting from the front row (2nd position) with slick tires on a wet track, Xavier L\u00e1zaro made a small mistake in turn two during the first lap, going off track and dropping to last place. Determined on the track, he made a recovery to finish in sixth place.<\/p>\n\n\n\n<p>In the Final, starting from fifth on a track that had been hit by a 'deluge' just minutes before, the Portuguese driver quickly took over the third position, staying close to the leaders while creating a gap from the rest. On a challenging circuit, Xavier L\u00e1zaro secured his first podium in WSK, confirming a remarkable late-season performance, finishing the WSK Euro Series in fourth place in the Mini Sub 10 class. <\/p>\n\n\n\n<p>The young Portuguese driver is motivated as he prepares to compete later this month in the WSK Final Cup, featuring stages in Lonato and Franciacorta.<\/p>\n\n\n\n<h2 class=\"wp-block-heading has-text-align-center\"><strong>Very Good in Qualifying, And It Could Have Been Better<\/strong><\/h2>\n\n\n\n<figure class=\"wp-block-image size-large\"><img loading=\"lazy\" decoding=\"async\" width=\"1024\" height=\"576\" src=\"https:\/\/xavierlazaro.com\/wp-content\/uploads\/2023\/11\/2023XLWSKESR2SarnoP3-1024x576.jpg\" alt=\"\" class=\"wp-image-3536\" srcset=\"https:\/\/xavierlazaro.com\/wp-content\/uploads\/2023\/11\/2023XLWSKESR2SarnoP3-1024x576.jpg 1024w, https:\/\/xavierlazaro.com\/wp-content\/uploads\/2023\/11\/2023XLWSKESR2SarnoP3-300x169.jpg 300w, https:\/\/xavierlazaro.com\/wp-content\/uploads\/2023\/11\/2023XLWSKESR2SarnoP3-768x432.jpg 768w, https:\/\/xavierlazaro.com\/wp-content\/uploads\/2023\/11\/2023XLWSKESR2SarnoP3-1536x864.jpg 1536w, https:\/\/xavierlazaro.com\/wp-content\/uploads\/2023\/11\/2023XLWSKESR2SarnoP3-150x84.jpg 150w, https:\/\/xavierlazaro.com\/wp-content\/uploads\/2023\/11\/2023XLWSKESR2SarnoP3-696x392.jpg 696w, https:\/\/xavierlazaro.com\/wp-content\/uploads\/2023\/11\/2023XLWSKESR2SarnoP3-1068x601.jpg 1068w, https:\/\/xavierlazaro.com\/wp-content\/uploads\/2023\/11\/2023XLWSKESR2SarnoP3-747x420.jpg 747w, https:\/\/xavierlazaro.com\/wp-content\/uploads\/2023\/11\/2023XLWSKESR2SarnoP3.jpg 1920w\" sizes=\"auto, (max-width: 1024px) 100vw, 1024px\" \/><\/figure>\n\n\n\n<p>Xavier L\u00e1zaro's performances behind the wheel of the Mini Sub 10 DR have been on the rise as the season unfolds, and this is also evident when analyzing his recent performances in the qualifying sessions. In Sarno, with track conditions constantly changing, the Portuguese driver came very close to securing his first pole position in the class. Always among the fastest, Xavier L\u00e1zaro was hindered on his best lap when one of his competitors braked heavily, affecting the performance of a group of drivers, including the Portuguese driver. To avoid the competitors in the first sector of the track, Xavier L\u00e1zaro had to change his trajectory, losing the time on his best lap that kept him from the pole in the group. The lap time of 1m03.667 ended up being four thousandths of a second longer.<\/p>\n\n\n\n<h2 class=\"wp-block-heading has-text-align-center\"><strong>Excellent In the Heats<\/strong><\/h2>\n\n\n\n<p>Starting from the front row in the second position for Heat 1, in the rain, Xavier L\u00e1zaro held onto his position from the beginning, putting pressure on the leader, Julian Frasnelli (Parolin\/Iame\/VEGA), in the early laps. At a certain point, the young driver from V\u00e1rzea de Sintra lost some time in a turn, distancing himself from the leader and coming under pressure from the fastest driver on the track, Daniel Miron Lorente (KR\/Iame\/VEGA), until Lorente made a mistake and lost several positions. Xavier L\u00e1zaro managed the final laps to secure the second position.<\/p>\n\n\n\n<figure class=\"wp-block-image size-large\"><img loading=\"lazy\" decoding=\"async\" width=\"1024\" height=\"576\" src=\"https:\/\/xavierlazaro.com\/wp-content\/uploads\/2023\/11\/2023XLWSKESR2SarnoP4-1024x576.jpg\" alt=\"\" class=\"wp-image-3538\" srcset=\"https:\/\/xavierlazaro.com\/wp-content\/uploads\/2023\/11\/2023XLWSKESR2SarnoP4-1024x576.jpg 1024w, https:\/\/xavierlazaro.com\/wp-content\/uploads\/2023\/11\/2023XLWSKESR2SarnoP4-300x169.jpg 300w, https:\/\/xavierlazaro.com\/wp-content\/uploads\/2023\/11\/2023XLWSKESR2SarnoP4-768x432.jpg 768w, https:\/\/xavierlazaro.com\/wp-content\/uploads\/2023\/11\/2023XLWSKESR2SarnoP4-1536x864.jpg 1536w, https:\/\/xavierlazaro.com\/wp-content\/uploads\/2023\/11\/2023XLWSKESR2SarnoP4-150x84.jpg 150w, https:\/\/xavierlazaro.com\/wp-content\/uploads\/2023\/11\/2023XLWSKESR2SarnoP4-696x392.jpg 696w, https:\/\/xavierlazaro.com\/wp-content\/uploads\/2023\/11\/2023XLWSKESR2SarnoP4-1068x601.jpg 1068w, https:\/\/xavierlazaro.com\/wp-content\/uploads\/2023\/11\/2023XLWSKESR2SarnoP4-747x420.jpg 747w, https:\/\/xavierlazaro.com\/wp-content\/uploads\/2023\/11\/2023XLWSKESR2SarnoP4.jpg 1920w\" sizes=\"auto, (max-width: 1024px) 100vw, 1024px\" \/><\/figure>\n\n\n\n<p>With a good start in Heat 2, Xavier L\u00e1zaro took the lead in the race, engaging in a fierce battle with his closest pursuer, Achille Rea (Tonykart\/Vortex\/VEGA). They exchanged the lead several times until rain arrived to add complexity to the task. Despite consistent rain and the drivers being on dry tires, the race officials chose not to stop the race. Given the intense pace and the high risk of incidents, Xavier L\u00e1zaro was advised to use his judgment to secure a good position. The driver opted to play defensively, finishing in third place behind Achille Rea and Daniel Miron Lorente.<\/p>\n\n\n\n<p>In the final Heat (3), the most spectacular one, at the start, Xavier L\u00e1zaro closely followed his DR\/TM Kart\/VEGA behind Oleksandr Legenkyi's KR\/Iame\/VEGA. The two drivers alternated in the lead until, at a certain moment, they were caught by Albert Tamm (Parolin\/Iame\/VEGA). The battle for victory among the three was intense and spectacular, lasting until the checkered flag, with Xavier L\u00e1zaro finishing third again in a 'three-wide' maneuver.<\/p>\n\n\n\n<h2 class=\"wp-block-heading has-text-align-center\"><strong>Pre-Final With Determination<\/strong><\/h2>\n\n\n\n<p>With an impeccable performance in Qualifying and heats, Xavier L\u00e1zaro entered Pre-Final B to start from the front row (2nd position). With the track quite slippery, especially in certain corners, the Portuguese driver had a good start, maintaining the second position. However, in the first lap, he missed a braking point on a slippery section (Turn 2), leading to going off the track. Despite keeping the TM engine running, Xavier L\u00e1zaro dropped to the last position. The 10-year-old didn't let this setback deter him and embarked on a remarkable recovery, ultimately finishing in sixth place.<\/p>\n\n\n\n<h2 class=\"wp-block-heading has-text-align-center\"><strong>Final With A Podium<\/strong><\/h2>\n\n\n\n<figure class=\"wp-block-image size-large\"><img loading=\"lazy\" decoding=\"async\" width=\"1024\" height=\"576\" src=\"https:\/\/xavierlazaro.com\/wp-content\/uploads\/2023\/11\/2023XLWSKESR2SarnoP2-1024x576.jpg\" alt=\"\" class=\"wp-image-3530\" srcset=\"https:\/\/xavierlazaro.com\/wp-content\/uploads\/2023\/11\/2023XLWSKESR2SarnoP2-1024x576.jpg 1024w, https:\/\/xavierlazaro.com\/wp-content\/uploads\/2023\/11\/2023XLWSKESR2SarnoP2-300x169.jpg 300w, https:\/\/xavierlazaro.com\/wp-content\/uploads\/2023\/11\/2023XLWSKESR2SarnoP2-768x432.jpg 768w, https:\/\/xavierlazaro.com\/wp-content\/uploads\/2023\/11\/2023XLWSKESR2SarnoP2-1536x864.jpg 1536w, https:\/\/xavierlazaro.com\/wp-content\/uploads\/2023\/11\/2023XLWSKESR2SarnoP2-150x84.jpg 150w, https:\/\/xavierlazaro.com\/wp-content\/uploads\/2023\/11\/2023XLWSKESR2SarnoP2-696x392.jpg 696w, https:\/\/xavierlazaro.com\/wp-content\/uploads\/2023\/11\/2023XLWSKESR2SarnoP2-1068x601.jpg 1068w, https:\/\/xavierlazaro.com\/wp-content\/uploads\/2023\/11\/2023XLWSKESR2SarnoP2-747x420.jpg 747w, https:\/\/xavierlazaro.com\/wp-content\/uploads\/2023\/11\/2023XLWSKESR2SarnoP2.jpg 1920w\" sizes=\"auto, (max-width: 1024px) 100vw, 1024px\" \/><\/figure>\n\n\n\n<p>There was heavy rain in the minutes leading up to the Final of the Mini Sub 10, resulting in a delay of about thirty minutes in the starting procedure. Declared a wet race, the drivers lined up in a single file. Starting from fifth place, Xavier L\u00e1zaro moved into the third position in the first lap, still in the initial sector. With the two drivers from Team Driver Racing Kart, Daniel Miron Lorente and Oleksandr Legenkyi, leading the race, Xavier L\u00e1zaro followed closely but opened a gap from the rest of the pack. As the race progressed, the battle between the top two became more intense, ultimately favoring the Ukrainian driver. Meanwhile, behind the wheel of the official DR kart, Xavier L\u00e1zaro comfortably maintained the third position, managing it with ease for the remainder of the race.<\/p>\n\n\n\n<p>By securing the podium, the driver from V\u00e1rzea de Sintra made history for Portuguese karting, etching his name as the first in the Mini category to achieve such a significant position in a competition organized by one of the most important event promoters in the sport, WSK Promotion.<\/p>\n\n\n\n<p>With this result, Xavier L\u00e1zaro finished in fourth place in the WSK Euro Series in the Mini Sub 10 category. With a strong finish to the season, the DR team's driver remains motivated to compete in the two stages of the WSK Final Cup later this month in Lonato and Franciacorta.<\/p>\n\n\n\n<p>Photos: <strong>Sportinphoto Kart Photo-Agency<\/strong> and <strong>Vasco L\u00e1zaro<\/strong><a href=\"https:\/\/www.facebook.com\/sharer\/sharer.php?u=https%3A%2F%2Fxavierlazaro.com%2Ffim-de-semana-de-afirmacao-para-xavier-lazaro%2F\" target=\"_blank\" rel=\"noreferrer noopener\"><\/a><\/p>","protected":false},"excerpt":{"rendered":"<p>Xavier L\u00e1zaro escreveu esta tarde o seu nome entre os pilotos que garantiram p\u00f3dio numa final da categoria Mini no WSK. O jovem piloto portugu\u00eas, que recentemente completou o d\u00e9cimo anivers\u00e1rio, terminou hoje na terceira posi\u00e7\u00e3o a Final da categoria Mini Sub 10, na segunda e derradeira etapa da WSK Euro Series, no Circuito Internazionale [&hellip;]<\/p>\n","protected":false},"author":1,"featured_media":3530,"comment_status":"closed","ping_status":"closed","sticky":false,"template":"","format":"standard","meta":{"_monsterinsights_skip_tracking":false,"_monsterinsights_sitenote_active":false,"_monsterinsights_sitenote_note":"","_monsterinsights_sitenote_category":0,"_uf_show_specific_survey":0,"_uf_disable_surveys":false,"footnotes":""},"categories":[3],"tags":[54,30,55,58,74,80,7],"class_list":{"0":"post-3529","1":"post","2":"type-post","3":"status-publish","4":"format-standard","5":"has-post-thumbnail","7":"category-noticias","8":"tag-circuito-internazionale-napoli","9":"tag-dr","10":"tag-sarno","11":"tag-wsk","12":"tag-wsk-euro-series","13":"tag-wsk-promotion","14":"tag-xavier-lazaro"},"aioseo_notices":[],"amp_enabled":true,"_links":{"self":[{"href":"https:\/\/xavierlazaro.com\/en\/wp-json\/wp\/v2\/posts\/3529","targetHints":{"allow":["GET"]}}],"collection":[{"href":"https:\/\/xavierlazaro.com\/en\/wp-json\/wp\/v2\/posts"}],"about":[{"href":"https:\/\/xavierlazaro.com\/en\/wp-json\/wp\/v2\/types\/post"}],"author":[{"embeddable":true,"href":"https:\/\/xavierlazaro.com\/en\/wp-json\/wp\/v2\/users\/1"}],"replies":[{"embeddable":true,"href":"https:\/\/xavierlazaro.com\/en\/wp-json\/wp\/v2\/comments?post=3529"}],"version-history":[{"count":11,"href":"https:\/\/xavierlazaro.com\/en\/wp-json\/wp\/v2\/posts\/3529\/revisions"}],"predecessor-version":[{"id":3545,"href":"https:\/\/xavierlazaro.com\/en\/wp-json\/wp\/v2\/posts\/3529\/revisions\/3545"}],"wp:featuredmedia":[{"embeddable":true,"href":"https:\/\/xavierlazaro.com\/en\/wp-json\/wp\/v2\/media\/3530"}],"wp:attachment":[{"href":"https:\/\/xavierlazaro.com\/en\/wp-json\/wp\/v2\/media?parent=3529"}],"wp:term":[{"taxonomy":"category","embeddable":true,"href":"https:\/\/xavierlazaro.com\/en\/wp-json\/wp\/v2\/categories?post=3529"},{"taxonomy":"post_tag","embeddable":true,"href":"https:\/\/xavierlazaro.com\/en\/wp-json\/wp\/v2\/tags?post=3529"}],"curies":[{"name":"wp","href":"https:\/\/api.w.org\/{rel}","templated":true}]}}