{"id":2718,"date":"2023-01-11T12:01:18","date_gmt":"2023-01-11T12:01:18","guid":{"rendered":"https:\/\/xavierlazaro.com\/?p=2718"},"modified":"2023-01-11T16:52:17","modified_gmt":"2023-01-11T16:52:17","slug":"xavier-lazaro-com-calendario-intenso-em-2023","status":"publish","type":"post","link":"https:\/\/xavierlazaro.com\/en\/xavier-lazaro-com-calendario-intenso-em-2023\/","title":{"rendered":"Xavier L\u00e1zaro with a Busy Schedule in 2023"},"content":{"rendered":"<figure class=\"wp-block-image size-large is-resized\"><img loading=\"lazy\" decoding=\"async\" src=\"https:\/\/xavierlazaro.com\/wp-content\/uploads\/2023\/01\/2023NotXL11Jan1-1024x576.jpg\" alt=\"\" class=\"wp-image-2719\" width=\"696\" height=\"391\" srcset=\"https:\/\/xavierlazaro.com\/wp-content\/uploads\/2023\/01\/2023NotXL11Jan1-1024x576.jpg 1024w, https:\/\/xavierlazaro.com\/wp-content\/uploads\/2023\/01\/2023NotXL11Jan1-300x169.jpg 300w, https:\/\/xavierlazaro.com\/wp-content\/uploads\/2023\/01\/2023NotXL11Jan1-768x432.jpg 768w, https:\/\/xavierlazaro.com\/wp-content\/uploads\/2023\/01\/2023NotXL11Jan1-1536x864.jpg 1536w, https:\/\/xavierlazaro.com\/wp-content\/uploads\/2023\/01\/2023NotXL11Jan1-150x84.jpg 150w, https:\/\/xavierlazaro.com\/wp-content\/uploads\/2023\/01\/2023NotXL11Jan1-696x392.jpg 696w, https:\/\/xavierlazaro.com\/wp-content\/uploads\/2023\/01\/2023NotXL11Jan1-1068x601.jpg 1068w, https:\/\/xavierlazaro.com\/wp-content\/uploads\/2023\/01\/2023NotXL11Jan1-747x420.jpg 747w, https:\/\/xavierlazaro.com\/wp-content\/uploads\/2023\/01\/2023NotXL11Jan1.jpg 1920w\" sizes=\"auto, (max-width: 696px) 100vw, 696px\" \/><\/figure>\n\n\n\n<p>The race schedule for Xavier L\u00e1zaro for this year is already known. The driver from V\u00e1rzea de Sintra will continue his progression in karting with a total of 22 races between Italy and Portugal, in addition to several testing sessions. This will be an intense year of competition for the nine-year-old youngster.<\/p>\n\n\n\n<p>Maintaining his connection with DR, Danilo Rossi's team, a former driver and multiple times karting world champion, Xavier L\u00e1zaro will be present throughout the WSK Promotion calendar, competing in the Mini category, this year included in the Sub 10 class. In Italy, the Portuguese driver will compete in the WSK Champions Cup (1 race), WSK Super Master Series (4 races), WSK Open Series (4 races), WSK Super Cup by Mini (1 race), WSK Euro Series (2 races), and WSK Final Cup (2 races). Also in Italian territory, the Portuguese driver's calendar includes participation in one of the most traditional competitions in high-level karting, the Trofeo delle Industrie.<\/p>\n\n\n\n<h2 class=\"has-text-align-center wp-block-heading\"><strong>Enrolled in the Sub 10 Class for 2023<\/strong><\/h2>\n\n\n\n<p>In his second international season in Mini, Xavier L\u00e1zaro now competes in the Sub 10 class. This is a subdivision within Mini, exclusively for drivers under 10 years old. In the WSK calendar stages, Sub 10 drivers have training sessions alongside the Mini category, but during races, they will have separate classifications.<\/p>\n\n\n\n<h2 class=\"has-text-align-center wp-block-heading\"><strong>CPK and Perhaps the Portuguese Cup<\/strong><\/h2>\n\n\n\n<figure class=\"wp-block-image size-large\"><img loading=\"lazy\" decoding=\"async\" width=\"1024\" height=\"576\" src=\"https:\/\/xavierlazaro.com\/wp-content\/uploads\/2023\/01\/2023NotXL11Jan2-1024x576.jpg\" alt=\"\" class=\"wp-image-2720\" srcset=\"https:\/\/xavierlazaro.com\/wp-content\/uploads\/2023\/01\/2023NotXL11Jan2-1024x576.jpg 1024w, https:\/\/xavierlazaro.com\/wp-content\/uploads\/2023\/01\/2023NotXL11Jan2-300x169.jpg 300w, https:\/\/xavierlazaro.com\/wp-content\/uploads\/2023\/01\/2023NotXL11Jan2-768x432.jpg 768w, https:\/\/xavierlazaro.com\/wp-content\/uploads\/2023\/01\/2023NotXL11Jan2-1536x864.jpg 1536w, https:\/\/xavierlazaro.com\/wp-content\/uploads\/2023\/01\/2023NotXL11Jan2-150x84.jpg 150w, https:\/\/xavierlazaro.com\/wp-content\/uploads\/2023\/01\/2023NotXL11Jan2-696x392.jpg 696w, https:\/\/xavierlazaro.com\/wp-content\/uploads\/2023\/01\/2023NotXL11Jan2-1068x601.jpg 1068w, https:\/\/xavierlazaro.com\/wp-content\/uploads\/2023\/01\/2023NotXL11Jan2-747x420.jpg 747w, https:\/\/xavierlazaro.com\/wp-content\/uploads\/2023\/01\/2023NotXL11Jan2.jpg 1920w\" sizes=\"auto, (max-width: 1024px) 100vw, 1024px\" \/><\/figure>\n\n\n\n<p>In addition to an extensive race calendar in Italy, Xavier L\u00e1zaro will be present in the most important competitions on the national schedule in X30 Mini, participating in the Championship and keeping open the possibility of attending the Portuguese Karting Cup. With the event calendar now set, the DR driver may only be in doubt for the second round of the Portuguese Karting Championship in Bombarral, as it coincides with the final stage of the WSK Super Master Series. The driver's standing in this international competition, as well as the result obtained in the first round of the CPK, will be crucial in determining which of the two events Xavier L\u00e1zaro will confirm attendance. Regarding the Portuguese Cup, his presence in the grand celebration of national karting depends on it not taking place in Madeira.<\/p>\n\n\n\n<p>In Portugal, Xavier L\u00e1zaro will also compete in the i-Games in Portim\u00e3o (IAME World Finals).<\/p>\n\n\n\n<h2 class=\"has-text-align-center wp-block-heading\"><strong>CAME, Expalum, Estores Bandarra, and BandAlum\u00ednios Renew Their Commitment<\/strong> <\/h2>\n\n\n\n<p>With a lengthy season ahead, filled with competition both at home and abroad, Xavier L\u00e1zaro retains all of his partners, as the companies CAME, Expalum, Estores Bandarra, and BandAlum\u00ednios renew their commitment to the young Portuguese driver. This is good news in a year where the race calendar is the most ambitious to date in Xavier L\u00e1zaro's still relatively short career in high-level karting.<\/p>\n\n\n\n<p>Photos: <strong><strong>Sportinphoto Kart Photo-Agency<\/strong><\/strong> and <strong>Hellofoto <\/strong><\/p>","protected":false},"excerpt":{"rendered":"<p>J\u00e1 \u00e9 conhecido o programa de provas a ser disputado este ano por Xavier L\u00e1zaro. O piloto da V\u00e1rzea de Sintra, ir\u00e1 seguir a sua evolu\u00e7\u00e3o no karting com um total de 22 corridas entre It\u00e1lia e Portugal, al\u00e9m de v\u00e1rias sess\u00f5es de testes. Este ser\u00e1 um ano intenso de competi\u00e7\u00e3o para o jovem de [&hellip;]<\/p>\n","protected":false},"author":1,"featured_media":2719,"comment_status":"closed","ping_status":"closed","sticky":false,"template":"","format":"standard","meta":{"_monsterinsights_skip_tracking":false,"_monsterinsights_sitenote_active":false,"_monsterinsights_sitenote_note":"","_monsterinsights_sitenote_category":0,"_uf_show_specific_survey":0,"_uf_disable_surveys":false,"footnotes":""},"categories":[3],"tags":[59,30,79,16,80,25,7],"class_list":{"0":"post-2718","1":"post","2":"type-post","3":"status-publish","4":"format-standard","5":"has-post-thumbnail","7":"category-noticias","8":"tag-cpk","9":"tag-dr","10":"tag-sub-10","11":"tag-vasco-lazaro","12":"tag-wsk-promotion","13":"tag-x30-mini","14":"tag-xavier-lazaro"},"aioseo_notices":[],"amp_enabled":true,"_links":{"self":[{"href":"https:\/\/xavierlazaro.com\/en\/wp-json\/wp\/v2\/posts\/2718","targetHints":{"allow":["GET"]}}],"collection":[{"href":"https:\/\/xavierlazaro.com\/en\/wp-json\/wp\/v2\/posts"}],"about":[{"href":"https:\/\/xavierlazaro.com\/en\/wp-json\/wp\/v2\/types\/post"}],"author":[{"embeddable":true,"href":"https:\/\/xavierlazaro.com\/en\/wp-json\/wp\/v2\/users\/1"}],"replies":[{"embeddable":true,"href":"https:\/\/xavierlazaro.com\/en\/wp-json\/wp\/v2\/comments?post=2718"}],"version-history":[{"count":8,"href":"https:\/\/xavierlazaro.com\/en\/wp-json\/wp\/v2\/posts\/2718\/revisions"}],"predecessor-version":[{"id":2732,"href":"https:\/\/xavierlazaro.com\/en\/wp-json\/wp\/v2\/posts\/2718\/revisions\/2732"}],"wp:featuredmedia":[{"embeddable":true,"href":"https:\/\/xavierlazaro.com\/en\/wp-json\/wp\/v2\/media\/2719"}],"wp:attachment":[{"href":"https:\/\/xavierlazaro.com\/en\/wp-json\/wp\/v2\/media?parent=2718"}],"wp:term":[{"taxonomy":"category","embeddable":true,"href":"https:\/\/xavierlazaro.com\/en\/wp-json\/wp\/v2\/categories?post=2718"},{"taxonomy":"post_tag","embeddable":true,"href":"https:\/\/xavierlazaro.com\/en\/wp-json\/wp\/v2\/tags?post=2718"}],"curies":[{"name":"wp","href":"https:\/\/api.w.org\/{rel}","templated":true}]}}