{"id":2586,"date":"2022-11-14T00:29:00","date_gmt":"2022-11-14T00:29:00","guid":{"rendered":"https:\/\/xavierlazaro.com\/?p=2586"},"modified":"2022-11-14T11:16:46","modified_gmt":"2022-11-14T11:16:46","slug":"prestacao-convincente-deixa-xavier-lazaro-perto-da-final-no-wsk","status":"publish","type":"post","link":"https:\/\/xavierlazaro.com\/en\/prestacao-convincente-deixa-xavier-lazaro-perto-da-final-no-wsk\/","title":{"rendered":"Convincing Performance Leaves Xavier L\u00e1zaro Close to the Final in WSK"},"content":{"rendered":"<figure class=\"wp-block-image\"><img loading=\"lazy\" decoding=\"async\" width=\"1024\" height=\"576\" src=\"https:\/\/xavierlazaro.com\/wp-content\/uploads\/2022\/11\/2022XLWSKFC4-1024x576.jpg\" alt=\"\" class=\"wp-image-2581\" srcset=\"https:\/\/xavierlazaro.com\/wp-content\/uploads\/2022\/11\/2022XLWSKFC4-1024x576.jpg 1024w, https:\/\/xavierlazaro.com\/wp-content\/uploads\/2022\/11\/2022XLWSKFC4-300x169.jpg 300w, https:\/\/xavierlazaro.com\/wp-content\/uploads\/2022\/11\/2022XLWSKFC4-768x432.jpg 768w, https:\/\/xavierlazaro.com\/wp-content\/uploads\/2022\/11\/2022XLWSKFC4-1536x864.jpg 1536w, https:\/\/xavierlazaro.com\/wp-content\/uploads\/2022\/11\/2022XLWSKFC4-150x84.jpg 150w, https:\/\/xavierlazaro.com\/wp-content\/uploads\/2022\/11\/2022XLWSKFC4-696x392.jpg 696w, https:\/\/xavierlazaro.com\/wp-content\/uploads\/2022\/11\/2022XLWSKFC4-1068x601.jpg 1068w, https:\/\/xavierlazaro.com\/wp-content\/uploads\/2022\/11\/2022XLWSKFC4-747x420.jpg 747w, https:\/\/xavierlazaro.com\/wp-content\/uploads\/2022\/11\/2022XLWSKFC4.jpg 1920w\" sizes=\"auto, (max-width: 1024px) 100vw, 1024px\" \/><figcaption class=\"wp-element-caption\">Xavier Lazaro was very consistent throughout the entire weekend<\/figcaption><\/figure>\n\n\n\n<p>Xavier L\u00e1zaro raced in the 2nd and final stage of the WSK Final Cup this weekend. In the Mini category, the Portuguese driver consistently performed at a high level, coming very close to earning a well-deserved spot in the Final for the first time. In Lonato, a track that the Portuguese driver is starting to become familiar with, it was evident how significant his progress has been in a year that marked a radical change in his still young karting career.<\/p>\n\n\n\n<h2 class=\"wp-block-heading\"><strong>Strong Performance Started Right from the Practices<\/strong><\/h2>\n\n\n\n<p>In what was his final stage of an extensive WSK event calendar, Xavier L\u00e1zaro arrived in Lonato highly motivated to compete in the conclusion of the Final Cup. From the beginning, the V\u00e1rzea de Sintra driver was competitive and posted good times in both free practice sessions and qualifying. Competing against 124 confirmed drivers in the Mini category, Xavier managed to be the fifth fastest on the track in his series during qualifying, with a lap time of 52.929 seconds, leaving him just 0.358s behind the best time. In the overall standings of the category, Xavier L\u00e1zaro ranked 18th out of the 124 participants, among whom were the best Mini drivers, and he is one of the youngest and least experienced in this category. His performance is certainly one of the best in the WSK Promotion for the Mini category ever achieved by a Portuguese driver.<\/p>\n\n\n\n<h2 class=\"has-text-align-center wp-block-heading\"><strong>Inexperience and Engine Issues Were Decisive<\/strong><\/h2>\n\n\n\n<figure class=\"wp-block-image size-large\"><img loading=\"lazy\" decoding=\"async\" width=\"1024\" height=\"576\" src=\"https:\/\/xavierlazaro.com\/wp-content\/uploads\/2022\/11\/2022XLWSKFC5-1024x576.jpg\" alt=\"\" class=\"wp-image-2598\" srcset=\"https:\/\/xavierlazaro.com\/wp-content\/uploads\/2022\/11\/2022XLWSKFC5-1024x576.jpg 1024w, https:\/\/xavierlazaro.com\/wp-content\/uploads\/2022\/11\/2022XLWSKFC5-300x169.jpg 300w, https:\/\/xavierlazaro.com\/wp-content\/uploads\/2022\/11\/2022XLWSKFC5-768x432.jpg 768w, https:\/\/xavierlazaro.com\/wp-content\/uploads\/2022\/11\/2022XLWSKFC5-1536x864.jpg 1536w, https:\/\/xavierlazaro.com\/wp-content\/uploads\/2022\/11\/2022XLWSKFC5-150x84.jpg 150w, https:\/\/xavierlazaro.com\/wp-content\/uploads\/2022\/11\/2022XLWSKFC5-696x392.jpg 696w, https:\/\/xavierlazaro.com\/wp-content\/uploads\/2022\/11\/2022XLWSKFC5-1068x601.jpg 1068w, https:\/\/xavierlazaro.com\/wp-content\/uploads\/2022\/11\/2022XLWSKFC5-747x420.jpg 747w, https:\/\/xavierlazaro.com\/wp-content\/uploads\/2022\/11\/2022XLWSKFC5.jpg 1920w\" sizes=\"auto, (max-width: 1024px) 100vw, 1024px\" \/><figcaption class=\"wp-element-caption\">At times, the driver blended determination with inexperience among the fastest on the track<\/figcaption><\/figure>\n\n\n\n<p>After securing a starting position from fifth place for all six heats aiming for a spot in the Pre-Final and Final of the Mini category, Xavier L\u00e1zaro had to face something new in his appearances in Italy: the fact that, for the first time, he was racing among the more experienced and renowned drivers. <\/p>\n\n\n\n<p>Initially, the nine-year-old took on the challenge and was competitive on both the first and second days. However, he struggled at times to conceal his inexperience at a higher level of demand. He found himself inexperienced in some position battles, although he maintained consistency to avoid damaging his kart and thus preventing penalties. On the first day, he finished the heats in 10th, 32nd, and 11th places, respectively. The result in the second heat was particularly punishing, dropping the Portuguese driver outside the top 30. An issue with the DR engine caused Xavier L\u00e1zaro to lack power early in the race, making him about two seconds per lap slower than his competitors. As a result, L\u00e1zaro slipped down the rankings, simultaneously accumulating a score that was too detrimental for securing a favorable position in the Pre-Final.<\/p>\n\n\n\n<p>On the second day of heats, the DR driver was consistent and made no mistakes. Primarily focused on avoiding collisions, Xavier L\u00e1zaro secured 11th, 13th, and 15th positions, earning him a spot in Pre-Final B, although starting from the back rows in the 26th position.<\/p>\n\n\n\n<figure class=\"wp-block-image size-large\"><img loading=\"lazy\" decoding=\"async\" width=\"1024\" height=\"576\" src=\"https:\/\/xavierlazaro.com\/wp-content\/uploads\/2022\/11\/2022XLWSKFC6-1024x576.jpg\" alt=\"\" class=\"wp-image-2601\" srcset=\"https:\/\/xavierlazaro.com\/wp-content\/uploads\/2022\/11\/2022XLWSKFC6-1024x576.jpg 1024w, https:\/\/xavierlazaro.com\/wp-content\/uploads\/2022\/11\/2022XLWSKFC6-300x169.jpg 300w, https:\/\/xavierlazaro.com\/wp-content\/uploads\/2022\/11\/2022XLWSKFC6-768x432.jpg 768w, https:\/\/xavierlazaro.com\/wp-content\/uploads\/2022\/11\/2022XLWSKFC6-1536x864.jpg 1536w, https:\/\/xavierlazaro.com\/wp-content\/uploads\/2022\/11\/2022XLWSKFC6-150x84.jpg 150w, https:\/\/xavierlazaro.com\/wp-content\/uploads\/2022\/11\/2022XLWSKFC6-696x392.jpg 696w, https:\/\/xavierlazaro.com\/wp-content\/uploads\/2022\/11\/2022XLWSKFC6-1068x601.jpg 1068w, https:\/\/xavierlazaro.com\/wp-content\/uploads\/2022\/11\/2022XLWSKFC6-747x420.jpg 747w, https:\/\/xavierlazaro.com\/wp-content\/uploads\/2022\/11\/2022XLWSKFC6.jpg 1920w\" sizes=\"auto, (max-width: 1024px) 100vw, 1024px\" \/><figcaption class=\"wp-element-caption\">Uninhibited and determined, Xavier L\u00e1zaro gained seven positions in the Pre-Final<\/figcaption><\/figure>\n\n\n\n<p>Although the chances of Xavier L\u00e1zaro qualifying for a Final in WSK for the first time were slim, the DR driver fought hard and perhaps had his best race this year in Italy during the Pre-Final. In theory, a placement within the top 18 in the Pre-Final would secure a spot among the 36 participants in the main race that everyone wants to be part of. However, the driver's worsened score from the second heat on Friday (32nd) required an even more ambitious result. Nevertheless, Xavier L\u00e1zaro climbed up to 19th, competing with those who stood out the most over the weekend in the category. His performance was convincing even to Danilo Rossi, the head of DR, who was very pleased with Xavier's performance in the Pre-Final.<\/p>\n\n\n\n<figure class=\"wp-block-image size-large\"><img loading=\"lazy\" decoding=\"async\" width=\"1024\" height=\"576\" src=\"https:\/\/xavierlazaro.com\/wp-content\/uploads\/2022\/11\/2022XLWSKFC7-1024x576.jpg\" alt=\"\" class=\"wp-image-2603\" srcset=\"https:\/\/xavierlazaro.com\/wp-content\/uploads\/2022\/11\/2022XLWSKFC7-1024x576.jpg 1024w, https:\/\/xavierlazaro.com\/wp-content\/uploads\/2022\/11\/2022XLWSKFC7-300x169.jpg 300w, https:\/\/xavierlazaro.com\/wp-content\/uploads\/2022\/11\/2022XLWSKFC7-768x432.jpg 768w, https:\/\/xavierlazaro.com\/wp-content\/uploads\/2022\/11\/2022XLWSKFC7-1536x864.jpg 1536w, https:\/\/xavierlazaro.com\/wp-content\/uploads\/2022\/11\/2022XLWSKFC7-150x84.jpg 150w, https:\/\/xavierlazaro.com\/wp-content\/uploads\/2022\/11\/2022XLWSKFC7-696x392.jpg 696w, https:\/\/xavierlazaro.com\/wp-content\/uploads\/2022\/11\/2022XLWSKFC7-1068x601.jpg 1068w, https:\/\/xavierlazaro.com\/wp-content\/uploads\/2022\/11\/2022XLWSKFC7-747x420.jpg 747w, https:\/\/xavierlazaro.com\/wp-content\/uploads\/2022\/11\/2022XLWSKFC7.jpg 1920w\" sizes=\"auto, (max-width: 1024px) 100vw, 1024px\" \/><figcaption class=\"wp-element-caption\">Xavier L\u00e1zaro was saddened by the absence from the Final in Lonato but will still be racing in Italy later this year<\/figcaption><\/figure>\n\n\n\n<p>At the conclusion of the weekend, Xavier L\u00e1zaro was both happy and sad, <strong>\"I gave my best in the Pre-Final, but unfortunately, the result didn't meet what I wanted\"<\/strong>, said the Portuguese driver from DR. <strong>\"In any case, the weekend was good, and I feel increasingly comfortable with the demands of these competitions.\"<\/strong><\/p>\n\n\n\n<p style=\"margin-top:0px\">With the 2022 season in WSK Promotion concluded, Xavier L\u00e1zaro will still compete in Italy later this year. The V\u00e1rzea de Sintra driver will be present in Sarno to participate in the 27th edition of the Ayrton Senna Trophy. The event is scheduled to take place from December 9 to 11.<\/p>\n\n\n\n<p>Photos: <strong><strong>Sportinphoto Kart Photo-Agency<\/strong><\/strong><\/p>","protected":false},"excerpt":{"rendered":"<p>Xavier L\u00e1zaro correu este fim de semana a 2\u00aa e \u00faltima etapa da WSK Final Cup. Na categoria Mini, o piloto portugu\u00eas esteve sempre a um n\u00edvel alto e por muito pouco n\u00e3o marcou pela primeira vez uma merecida presen\u00e7a na Final. Em Lonato, um tra\u00e7ado que o portugu\u00eas vai come\u00e7ando a conhecer bem, foi [&hellip;]<\/p>\n","protected":false},"author":1,"featured_media":2581,"comment_status":"closed","ping_status":"closed","sticky":false,"template":"","format":"standard","meta":{"_monsterinsights_skip_tracking":false,"_monsterinsights_sitenote_active":false,"_monsterinsights_sitenote_note":"","_monsterinsights_sitenote_category":0,"_uf_show_specific_survey":0,"_uf_disable_surveys":false,"footnotes":""},"categories":[3],"tags":[31,30,29,28,78,45,7],"class_list":{"0":"post-2586","1":"post","2":"type-post","3":"status-publish","4":"format-standard","5":"has-post-thumbnail","7":"category-noticias","8":"tag-danilo-rossi","9":"tag-dr","10":"tag-lonato","11":"tag-south-garda-karting","12":"tag-trofeu-ayrton-senna","13":"tag-wsk-final-cup","14":"tag-xavier-lazaro"},"aioseo_notices":[],"amp_enabled":true,"_links":{"self":[{"href":"https:\/\/xavierlazaro.com\/en\/wp-json\/wp\/v2\/posts\/2586","targetHints":{"allow":["GET"]}}],"collection":[{"href":"https:\/\/xavierlazaro.com\/en\/wp-json\/wp\/v2\/posts"}],"about":[{"href":"https:\/\/xavierlazaro.com\/en\/wp-json\/wp\/v2\/types\/post"}],"author":[{"embeddable":true,"href":"https:\/\/xavierlazaro.com\/en\/wp-json\/wp\/v2\/users\/1"}],"replies":[{"embeddable":true,"href":"https:\/\/xavierlazaro.com\/en\/wp-json\/wp\/v2\/comments?post=2586"}],"version-history":[{"count":18,"href":"https:\/\/xavierlazaro.com\/en\/wp-json\/wp\/v2\/posts\/2586\/revisions"}],"predecessor-version":[{"id":2609,"href":"https:\/\/xavierlazaro.com\/en\/wp-json\/wp\/v2\/posts\/2586\/revisions\/2609"}],"wp:featuredmedia":[{"embeddable":true,"href":"https:\/\/xavierlazaro.com\/en\/wp-json\/wp\/v2\/media\/2581"}],"wp:attachment":[{"href":"https:\/\/xavierlazaro.com\/en\/wp-json\/wp\/v2\/media?parent=2586"}],"wp:term":[{"taxonomy":"category","embeddable":true,"href":"https:\/\/xavierlazaro.com\/en\/wp-json\/wp\/v2\/categories?post=2586"},{"taxonomy":"post_tag","embeddable":true,"href":"https:\/\/xavierlazaro.com\/en\/wp-json\/wp\/v2\/tags?post=2586"}],"curies":[{"name":"wp","href":"https:\/\/api.w.org\/{rel}","templated":true}]}}