{"id":2354,"date":"2022-07-17T23:45:00","date_gmt":"2022-07-17T23:45:00","guid":{"rendered":"https:\/\/xavierlazaro.com\/?p=2354"},"modified":"2022-07-17T23:46:49","modified_gmt":"2022-07-17T23:46:49","slug":"xavier-lazaro-mostra-se-em-italia","status":"publish","type":"post","link":"https:\/\/xavierlazaro.com\/en\/xavier-lazaro-mostra-se-em-italia\/","title":{"rendered":"Xavier L\u00e1zaro Shows Himself In Italy"},"content":{"rendered":"<figure class=\"wp-block-image size-large\"><img loading=\"lazy\" decoding=\"async\" width=\"1024\" height=\"683\" src=\"https:\/\/xavierlazaro.com\/wp-content\/uploads\/2022\/07\/2022WSKESLonatoXavier1-1024x683.jpg\" alt=\"\" class=\"wp-image-2355\" srcset=\"https:\/\/xavierlazaro.com\/wp-content\/uploads\/2022\/07\/2022WSKESLonatoXavier1-1024x683.jpg 1024w, https:\/\/xavierlazaro.com\/wp-content\/uploads\/2022\/07\/2022WSKESLonatoXavier1-300x200.jpg 300w, https:\/\/xavierlazaro.com\/wp-content\/uploads\/2022\/07\/2022WSKESLonatoXavier1-768x512.jpg 768w, https:\/\/xavierlazaro.com\/wp-content\/uploads\/2022\/07\/2022WSKESLonatoXavier1-150x100.jpg 150w, https:\/\/xavierlazaro.com\/wp-content\/uploads\/2022\/07\/2022WSKESLonatoXavier1-696x464.jpg 696w, https:\/\/xavierlazaro.com\/wp-content\/uploads\/2022\/07\/2022WSKESLonatoXavier1-1068x713.jpg 1068w, https:\/\/xavierlazaro.com\/wp-content\/uploads\/2022\/07\/2022WSKESLonatoXavier1-630x420.jpg 630w, https:\/\/xavierlazaro.com\/wp-content\/uploads\/2022\/07\/2022WSKESLonatoXavier1.jpg 1280w\" sizes=\"auto, (max-width: 1024px) 100vw, 1024px\" \/><\/figure>\n\n\n\n<p>In the last few days, Xavier L\u00e1zaro continued his extensive schedule of races for this year. The eight-year-old driver was in Italy this week to participate in the first stage of the WSK Euro Series, held at the South Garda Karting in Lonato. As part of the official DR team to compete in the Mini category, the Portuguese driver had moments of grandeur that did not go unnoticed by the keen observers.<\/p>\n\n\n\n<p>Starting from the end, that is, the final results, the plain truth is that Xavier L\u00e1zaro once again missed out on the Pre-Finals and consequently did not participate in Sunday's Finals. This time, it was very close that the Sintra-born driver didn't secure a spot among those competing in the most coveted race of the weekend: the Final. The story of Xavier L\u00e1zaro's presence in this opening stage of one of the various competitions in the WSK universe could be summed up by this outcome. However, considering that the Portuguese driver is only eight years old with a significant room for improvement in the Mini category, it is fair to analyze and report on his actual performance during this weekend of racing in Lonato.<\/p>\n\n\n\n<h2 class=\"has-text-align-center wp-block-heading\"><strong>Impressive Performance in Official Free Practice Sessions<\/strong><\/h2>\n\n\n\n<figure class=\"wp-block-image size-large\"><img loading=\"lazy\" decoding=\"async\" width=\"1024\" height=\"682\" src=\"https:\/\/xavierlazaro.com\/wp-content\/uploads\/2022\/07\/2022WSKESLonatoXavier4-1024x682.jpg\" alt=\"\" class=\"wp-image-2359\" srcset=\"https:\/\/xavierlazaro.com\/wp-content\/uploads\/2022\/07\/2022WSKESLonatoXavier4-1024x682.jpg 1024w, https:\/\/xavierlazaro.com\/wp-content\/uploads\/2022\/07\/2022WSKESLonatoXavier4-300x200.jpg 300w, https:\/\/xavierlazaro.com\/wp-content\/uploads\/2022\/07\/2022WSKESLonatoXavier4-768x511.jpg 768w, https:\/\/xavierlazaro.com\/wp-content\/uploads\/2022\/07\/2022WSKESLonatoXavier4-1536x1022.jpg 1536w, https:\/\/xavierlazaro.com\/wp-content\/uploads\/2022\/07\/2022WSKESLonatoXavier4-2048x1363.jpg 2048w, https:\/\/xavierlazaro.com\/wp-content\/uploads\/2022\/07\/2022WSKESLonatoXavier4-150x100.jpg 150w, https:\/\/xavierlazaro.com\/wp-content\/uploads\/2022\/07\/2022WSKESLonatoXavier4-696x463.jpg 696w, https:\/\/xavierlazaro.com\/wp-content\/uploads\/2022\/07\/2022WSKESLonatoXavier4-1068x711.jpg 1068w, https:\/\/xavierlazaro.com\/wp-content\/uploads\/2022\/07\/2022WSKESLonatoXavier4-1920x1278.jpg 1920w, https:\/\/xavierlazaro.com\/wp-content\/uploads\/2022\/07\/2022WSKESLonatoXavier4-631x420.jpg 631w\" sizes=\"auto, (max-width: 1024px) 100vw, 1024px\" \/><\/figure>\n\n\n\n<p>The field of drivers with ambitions for a noteworthy result in the Mini category for this 1st stage of the Euro Series was extensive, actually enormous, as 110 drivers answered the call from the Italian organization. Xavier L\u00e1zaro did not come with ambitions for a top result, focusing only on his progress and giving his best on the track.<\/p>\n\n\n\n<p>What was truly evident during the competition was his best effort. Clear emphasis on the initial days, with the Portuguese driver being among the fastest in Wednesday's free practice sessions, where L\u00e1zaro consistently ranked in the top 10. In one of the sessions, he even became the fastest driver behind the dominant Vladimir Ivannikov. <\/p>\n\n\n\n<p>However, not everything was perfect in the performance of the young Portuguese driver, who ended up not being as efficient in the timed practice sessions. At a time when converting good pace into lap times is crucial, Xavier L\u00e1zaro paid the price for inexperience, finishing with only the 88th time. This placed him in the 25th starting position in his qualifying heats.<\/p>\n\n\n\n<h2 class=\"has-text-align-center wp-block-heading\"><strong>Doing the Best Possible<\/strong><\/h2>\n\n\n\n<figure class=\"wp-block-image size-large\"><img loading=\"lazy\" decoding=\"async\" width=\"1024\" height=\"682\" src=\"https:\/\/xavierlazaro.com\/wp-content\/uploads\/2022\/07\/2022WSKESLonatoXavier3-1024x682.jpg\" alt=\"\" class=\"wp-image-2361\" srcset=\"https:\/\/xavierlazaro.com\/wp-content\/uploads\/2022\/07\/2022WSKESLonatoXavier3-1024x682.jpg 1024w, https:\/\/xavierlazaro.com\/wp-content\/uploads\/2022\/07\/2022WSKESLonatoXavier3-300x200.jpg 300w, https:\/\/xavierlazaro.com\/wp-content\/uploads\/2022\/07\/2022WSKESLonatoXavier3-768x511.jpg 768w, https:\/\/xavierlazaro.com\/wp-content\/uploads\/2022\/07\/2022WSKESLonatoXavier3-150x100.jpg 150w, https:\/\/xavierlazaro.com\/wp-content\/uploads\/2022\/07\/2022WSKESLonatoXavier3-696x463.jpg 696w, https:\/\/xavierlazaro.com\/wp-content\/uploads\/2022\/07\/2022WSKESLonatoXavier3-1068x711.jpg 1068w, https:\/\/xavierlazaro.com\/wp-content\/uploads\/2022\/07\/2022WSKESLonatoXavier3-631x420.jpg 631w, https:\/\/xavierlazaro.com\/wp-content\/uploads\/2022\/07\/2022WSKESLonatoXavier3.jpg 1280w\" sizes=\"auto, (max-width: 1024px) 100vw, 1024px\" \/><\/figure>\n\n\n\n<p>In such a highly competitive field, starting 25th in all qualifying heats made it challenging for the Portuguese driver's ambitions, even though his primary focus was on learning as much as possible throughout the weekend and trying to finish the races. In that aspect, the mission was completely fulfilled. Despite being frequently a victim of contact from aggressive but less experienced drivers in some races, the DR young talent managed to finish every time. He had some excellent performances, such as the final (3rd) qualifying heat on Friday, where starting 25th, he passed eight drivers in nine laps to finish 17th. A similar, though not as good, result occurred in one of the Saturday races, starting 25th and finishing 18th.<\/p>\n\n\n\n<p>The Portuguese driver narrowly missed entering the Pre-Final, but based on the level of his performance, we are confident that this moment is very close.<\/p>\n\n\n\n<figure class=\"wp-block-image size-large\"><img loading=\"lazy\" decoding=\"async\" width=\"1024\" height=\"683\" src=\"https:\/\/xavierlazaro.com\/wp-content\/uploads\/2022\/07\/2022WSKESLonatoXavier2-1024x683.jpg\" alt=\"\" class=\"wp-image-2363\" srcset=\"https:\/\/xavierlazaro.com\/wp-content\/uploads\/2022\/07\/2022WSKESLonatoXavier2-1024x683.jpg 1024w, https:\/\/xavierlazaro.com\/wp-content\/uploads\/2022\/07\/2022WSKESLonatoXavier2-300x200.jpg 300w, https:\/\/xavierlazaro.com\/wp-content\/uploads\/2022\/07\/2022WSKESLonatoXavier2-768x512.jpg 768w, https:\/\/xavierlazaro.com\/wp-content\/uploads\/2022\/07\/2022WSKESLonatoXavier2-150x100.jpg 150w, https:\/\/xavierlazaro.com\/wp-content\/uploads\/2022\/07\/2022WSKESLonatoXavier2-696x464.jpg 696w, https:\/\/xavierlazaro.com\/wp-content\/uploads\/2022\/07\/2022WSKESLonatoXavier2-1068x713.jpg 1068w, https:\/\/xavierlazaro.com\/wp-content\/uploads\/2022\/07\/2022WSKESLonatoXavier2-630x420.jpg 630w, https:\/\/xavierlazaro.com\/wp-content\/uploads\/2022\/07\/2022WSKESLonatoXavier2.jpg 1280w\" sizes=\"auto, (max-width: 1024px) 100vw, 1024px\" \/><\/figure>\n\n\n\n<p><strong>\"I cannot help but be very pleased with Xavier's performance this week in Italy\"<\/strong>,the father, Vasco L\u00e1zaro, stated. <strong>In the first days of free practice, I found a happy, carefree Xavier, very dedicated to his performance on the track. In free practice, he even lapped among the fastest in the Mini category, impressing even his own team. His potential is there, and several parents of other drivers congratulated and encouraged me for the pace shown by a driver who is still taking his first steps at the international level. <\/strong><\/p>\n\n\n\n<p><strong>\"Of course, the challenge came during the timed practice sessions. That is, at the moment when the pressure is immense and we have to deliver, he still needs to grow. But, it's normal, it's important to remember that he is only eight years old. The work is being done well, and it needs to be continued because the maturity he shows in races is also remarkable.\"<\/strong><\/p>\n\n\n\n<p>Photos:  <strong><strong>Sportinphoto Kart Photo-Agency<\/strong><\/strong> <\/p>","protected":false},"excerpt":{"rendered":"<p>Xavier L\u00e1zaro prosseguiu nos \u00faltimos dias o seu extenso calend\u00e1rio de provas para este ano. O piloto de apenas oito anos de idade esteve esta semana em It\u00e1lia para participar na 1\u00aa etapa do WSK Euro Series, disputada no South Garda Karting de Lonato. Inserido na estrutura oficial da DR para correr na categoria Mini, [&hellip;]<\/p>\n","protected":false},"author":1,"featured_media":2355,"comment_status":"closed","ping_status":"closed","sticky":false,"template":"","format":"standard","meta":{"_monsterinsights_skip_tracking":false,"_monsterinsights_sitenote_active":false,"_monsterinsights_sitenote_note":"","_monsterinsights_sitenote_category":0,"_uf_show_specific_survey":0,"_uf_disable_surveys":false,"footnotes":""},"categories":[3],"tags":[30,29,28,16,58,74,7],"class_list":{"0":"post-2354","1":"post","2":"type-post","3":"status-publish","4":"format-standard","5":"has-post-thumbnail","7":"category-noticias","8":"tag-dr","9":"tag-lonato","10":"tag-south-garda-karting","11":"tag-vasco-lazaro","12":"tag-wsk","13":"tag-wsk-euro-series","14":"tag-xavier-lazaro"},"aioseo_notices":[],"amp_enabled":true,"_links":{"self":[{"href":"https:\/\/xavierlazaro.com\/en\/wp-json\/wp\/v2\/posts\/2354","targetHints":{"allow":["GET"]}}],"collection":[{"href":"https:\/\/xavierlazaro.com\/en\/wp-json\/wp\/v2\/posts"}],"about":[{"href":"https:\/\/xavierlazaro.com\/en\/wp-json\/wp\/v2\/types\/post"}],"author":[{"embeddable":true,"href":"https:\/\/xavierlazaro.com\/en\/wp-json\/wp\/v2\/users\/1"}],"replies":[{"embeddable":true,"href":"https:\/\/xavierlazaro.com\/en\/wp-json\/wp\/v2\/comments?post=2354"}],"version-history":[{"count":7,"href":"https:\/\/xavierlazaro.com\/en\/wp-json\/wp\/v2\/posts\/2354\/revisions"}],"predecessor-version":[{"id":2365,"href":"https:\/\/xavierlazaro.com\/en\/wp-json\/wp\/v2\/posts\/2354\/revisions\/2365"}],"wp:featuredmedia":[{"embeddable":true,"href":"https:\/\/xavierlazaro.com\/en\/wp-json\/wp\/v2\/media\/2355"}],"wp:attachment":[{"href":"https:\/\/xavierlazaro.com\/en\/wp-json\/wp\/v2\/media?parent=2354"}],"wp:term":[{"taxonomy":"category","embeddable":true,"href":"https:\/\/xavierlazaro.com\/en\/wp-json\/wp\/v2\/categories?post=2354"},{"taxonomy":"post_tag","embeddable":true,"href":"https:\/\/xavierlazaro.com\/en\/wp-json\/wp\/v2\/tags?post=2354"}],"curies":[{"name":"wp","href":"https:\/\/api.w.org\/{rel}","templated":true}]}}