{"id":1084,"date":"2021-11-16T20:10:00","date_gmt":"2021-11-16T20:10:00","guid":{"rendered":"https:\/\/xavierlazaro.com\/?p=1084"},"modified":"2021-11-16T20:27:26","modified_gmt":"2021-11-16T20:27:26","slug":"xavier-lazaro-tem-estreia-internacional-esta-semana-na-wsk-final-cup","status":"publish","type":"post","link":"https:\/\/xavierlazaro.com\/en\/xavier-lazaro-tem-estreia-internacional-esta-semana-na-wsk-final-cup\/","title":{"rendered":"Xavier L\u00e1zaro Makes His International Debut This Week In the WSK Final Cup"},"content":{"rendered":"<figure class=\"wp-block-image size-full\"><img loading=\"lazy\" decoding=\"async\" width=\"1024\" height=\"576\" src=\"https:\/\/xavierlazaro.com\/wp-content\/uploads\/2021\/11\/2021XLWSKFCD1FT1.jpg\" alt=\"\" class=\"wp-image-1085\" srcset=\"https:\/\/xavierlazaro.com\/wp-content\/uploads\/2021\/11\/2021XLWSKFCD1FT1.jpg 1024w, https:\/\/xavierlazaro.com\/wp-content\/uploads\/2021\/11\/2021XLWSKFCD1FT1-300x169.jpg 300w, https:\/\/xavierlazaro.com\/wp-content\/uploads\/2021\/11\/2021XLWSKFCD1FT1-768x432.jpg 768w, https:\/\/xavierlazaro.com\/wp-content\/uploads\/2021\/11\/2021XLWSKFCD1FT1-150x84.jpg 150w, https:\/\/xavierlazaro.com\/wp-content\/uploads\/2021\/11\/2021XLWSKFCD1FT1-696x392.jpg 696w, https:\/\/xavierlazaro.com\/wp-content\/uploads\/2021\/11\/2021XLWSKFCD1FT1-747x420.jpg 747w\" sizes=\"auto, (max-width: 1024px) 100vw, 1024px\" \/><\/figure>\n\n\n\n<p>At the age of eight, Xavier L\u00e1zaro has no rest in what has been his debut season in a new karting category. After participating in the Portuguese Karting Championship and the Portugal Cup in the X30 Mini, the driver from V\u00e1rzea de Sintra is now gearing up for his international competitive debut, driving the Mini DR. Xavier L\u00e1zaro is already in Italy to take part in the WSK Final Cup at Adria Karting Raceway.<\/p>\n\n\n\n<p>&#8220;<strong>\"\nThe goal is to provide 'Xavi' with his first international experience in a highly demanding competition, where undoubtedly the best drivers in the world in the Mini category will be present\"<\/strong>, said his father, Vasco L\u00e1zaro, upon leaving Portugal.<\/p>\n\n\n\n<p>The 2020 Portugal Karting Champion in the Initiation category had his first season in X30 Mini this year, a similar but less powerful category compared to Mini. The driver, who recently turned eight, had a very positive learning season, progressing at each stage and showing promising signs for the future. Now comes a well-deserved reward, the 'baptism of fire' among the best of the best, within the structure of Danilo Rossi.<\/p>\n\n\n\n<figure class=\"wp-block-image size-full\"><img loading=\"lazy\" decoding=\"async\" width=\"1007\" height=\"1024\" src=\"https:\/\/xavierlazaro.com\/wp-content\/uploads\/2021\/11\/2021XLWSKFCD1F1.jpg\" alt=\"\" class=\"wp-image-1087\" srcset=\"https:\/\/xavierlazaro.com\/wp-content\/uploads\/2021\/11\/2021XLWSKFCD1F1.jpg 1007w, https:\/\/xavierlazaro.com\/wp-content\/uploads\/2021\/11\/2021XLWSKFCD1F1-295x300.jpg 295w, https:\/\/xavierlazaro.com\/wp-content\/uploads\/2021\/11\/2021XLWSKFCD1F1-768x781.jpg 768w, https:\/\/xavierlazaro.com\/wp-content\/uploads\/2021\/11\/2021XLWSKFCD1F1-150x153.jpg 150w, https:\/\/xavierlazaro.com\/wp-content\/uploads\/2021\/11\/2021XLWSKFCD1F1-300x305.jpg 300w, https:\/\/xavierlazaro.com\/wp-content\/uploads\/2021\/11\/2021XLWSKFCD1F1-696x708.jpg 696w, https:\/\/xavierlazaro.com\/wp-content\/uploads\/2021\/11\/2021XLWSKFCD1F1-413x420.jpg 413w\" sizes=\"auto, (max-width: 1007px) 100vw, 1007px\" \/><\/figure>\n\n\n\n<p><strong>\"This participation in Italy is just another step in Xavier's learning process for us\"<\/strong>, said Vasco L\u00e1zaro. <strong>\"He had good performances in the test sessions conducted this year in Italy, and considering the level he displayed in Portugal, I thought this would be a logical step still this season. It allows us to analyze the paths to follow in the next year\"<\/strong>.<\/p>\n\n\n\n<p>A total of 126 drivers are registered to compete this week in the Mini category, featuring some of the best in the field. Official free practice sessions in Adria will begin tomorrow. Xavier L\u00e1zaro will be quite active throughout the weekend in what is his most challenging challenge in his young karting career.<\/p>\n\n\n\n<p><strong>\"Competitively, the achievable goal for this week is for Xavier to finish as many races as possible, thereby covering more and more kilometers. Finishing every race he participates in would be excellent\"<\/strong>, said Vasco L\u00e1zaro. <strong>\"Objectively, he comes to this event to continue his learning, and over the various days of the competition, he will practice and race more than almost the entire season that concluded in Portugal. At the same time, it will also be necessary to monitor his adaptation to a new kart and to the DR team structure\"<\/strong>.<\/p>\n\n\n\n<p>Inside the possibilities, we will provide information on everything happening with Xavier L\u00e1zaro during his first international competitive appearance. You can also follow the updates on <strong><a rel=\"noreferrer noopener\" href=\"http:\/\/www.wskarting.it\/livetiming.asp?s=WSK_opencup\" target=\"_blank\">LIVE TIMING<\/a><\/strong> of the event. It is also possible to view <strong><a rel=\"noreferrer noopener\" href=\"http:\/\/www.wskarting.it\/campionati\/2021\/entrylist\/WSK_Final\/Round1\/entrylist.pdf\" target=\"_blank\">HERE<\/a><\/strong> the list of participants for the event, as well as the <strong><a rel=\"noreferrer noopener\" href=\"http:\/\/www.wskarting.it\/campionati\/2021\/timetable\/WSK_Final\/Round1\/timetable.pdf\" target=\"_blank\">SCHEDULE<\/a><\/strong>.<\/p>","protected":false},"excerpt":{"rendered":"<p>Aos oito anos de idade, Xavier L\u00e1zaro n\u00e3o tem descanso nesta que tem sido a sua temporada de estreia numa nova categoria do karting. Depois da sua participa\u00e7\u00e3o no Campeonato de Portugal de Karting e na Ta\u00e7a de Portugal na X30 Mini, o piloto da V\u00e1rzea de Sintra prepara-se agora para a estreia competitiva internacional, [&hellip;]<\/p>\n","protected":false},"author":1,"featured_media":1085,"comment_status":"closed","ping_status":"closed","sticky":false,"template":"","format":"standard","meta":{"_monsterinsights_skip_tracking":false,"_monsterinsights_sitenote_active":false,"_monsterinsights_sitenote_note":"","_monsterinsights_sitenote_category":0,"_uf_show_specific_survey":0,"_uf_disable_surveys":false,"footnotes":""},"categories":[3],"tags":[44,31,30,51,16,45,7],"class_list":{"0":"post-1084","1":"post","2":"type-post","3":"status-publish","4":"format-standard","5":"has-post-thumbnail","7":"category-noticias","8":"tag-adria-karting-raceway","9":"tag-danilo-rossi","10":"tag-dr","11":"tag-mini","12":"tag-vasco-lazaro","13":"tag-wsk-final-cup","14":"tag-xavier-lazaro"},"aioseo_notices":[],"amp_enabled":true,"_links":{"self":[{"href":"https:\/\/xavierlazaro.com\/en\/wp-json\/wp\/v2\/posts\/1084","targetHints":{"allow":["GET"]}}],"collection":[{"href":"https:\/\/xavierlazaro.com\/en\/wp-json\/wp\/v2\/posts"}],"about":[{"href":"https:\/\/xavierlazaro.com\/en\/wp-json\/wp\/v2\/types\/post"}],"author":[{"embeddable":true,"href":"https:\/\/xavierlazaro.com\/en\/wp-json\/wp\/v2\/users\/1"}],"replies":[{"embeddable":true,"href":"https:\/\/xavierlazaro.com\/en\/wp-json\/wp\/v2\/comments?post=1084"}],"version-history":[{"count":9,"href":"https:\/\/xavierlazaro.com\/en\/wp-json\/wp\/v2\/posts\/1084\/revisions"}],"predecessor-version":[{"id":1096,"href":"https:\/\/xavierlazaro.com\/en\/wp-json\/wp\/v2\/posts\/1084\/revisions\/1096"}],"wp:featuredmedia":[{"embeddable":true,"href":"https:\/\/xavierlazaro.com\/en\/wp-json\/wp\/v2\/media\/1085"}],"wp:attachment":[{"href":"https:\/\/xavierlazaro.com\/en\/wp-json\/wp\/v2\/media?parent=1084"}],"wp:term":[{"taxonomy":"category","embeddable":true,"href":"https:\/\/xavierlazaro.com\/en\/wp-json\/wp\/v2\/categories?post=1084"},{"taxonomy":"post_tag","embeddable":true,"href":"https:\/\/xavierlazaro.com\/en\/wp-json\/wp\/v2\/tags?post=1084"}],"curies":[{"name":"wp","href":"https:\/\/api.w.org\/{rel}","templated":true}]}}