{"id":1077,"date":"2021-11-07T20:11:44","date_gmt":"2021-11-07T20:11:44","guid":{"rendered":"https:\/\/xavierlazaro.com\/?p=1077"},"modified":"2021-11-07T20:17:10","modified_gmt":"2021-11-07T20:17:10","slug":"temporada-nacional-fechada-com-chave-de-ouro","status":"publish","type":"post","link":"https:\/\/xavierlazaro.com\/en\/temporada-nacional-fechada-com-chave-de-ouro\/","title":{"rendered":"National Season Closed With 'Golden Key'"},"content":{"rendered":"<figure class=\"wp-block-image size-large\"><img loading=\"lazy\" decoding=\"async\" width=\"1024\" height=\"576\" src=\"https:\/\/xavierlazaro.com\/wp-content\/uploads\/2021\/11\/2021XLTPKDomingoNot1b-1024x576.jpg\" alt=\"\" class=\"wp-image-1078\" srcset=\"https:\/\/xavierlazaro.com\/wp-content\/uploads\/2021\/11\/2021XLTPKDomingoNot1b-1024x576.jpg 1024w, https:\/\/xavierlazaro.com\/wp-content\/uploads\/2021\/11\/2021XLTPKDomingoNot1b-300x169.jpg 300w, https:\/\/xavierlazaro.com\/wp-content\/uploads\/2021\/11\/2021XLTPKDomingoNot1b-768x432.jpg 768w, https:\/\/xavierlazaro.com\/wp-content\/uploads\/2021\/11\/2021XLTPKDomingoNot1b-1536x864.jpg 1536w, https:\/\/xavierlazaro.com\/wp-content\/uploads\/2021\/11\/2021XLTPKDomingoNot1b-150x84.jpg 150w, https:\/\/xavierlazaro.com\/wp-content\/uploads\/2021\/11\/2021XLTPKDomingoNot1b-696x392.jpg 696w, https:\/\/xavierlazaro.com\/wp-content\/uploads\/2021\/11\/2021XLTPKDomingoNot1b-1068x601.jpg 1068w, https:\/\/xavierlazaro.com\/wp-content\/uploads\/2021\/11\/2021XLTPKDomingoNot1b-747x420.jpg 747w, https:\/\/xavierlazaro.com\/wp-content\/uploads\/2021\/11\/2021XLTPKDomingoNot1b.jpg 1920w\" sizes=\"auto, (max-width: 1024px) 100vw, 1024px\" \/><\/figure>\n\n\n\n<p>Xavier L\u00e1zaro concluded his national karting season today. The Cabo Junior Team driver showed himself to be much more competitive on the track, with the technical staff managing to extract the best from the Kart Republic\/Waterswift combination. <\/p>\n\n\n\n<p>Early in the morning, Xavier L\u00e1zaro showed that he was stronger for this final day of the Portuguese Cup\/Karting Festival. In the event organized by the Leiria Motor Sports Center, at the International Karting Track of that city, the young man from V\u00e1rzea de Sintra recorded the eighth best time in the free practice session. His lap time of 51.484s left him just over six tenths off the best time.<\/p>\n\n\n\n<p>With an excellent start in the Pre-Final, starting from 10th place, Xavier L\u00e1zaro was sixth on the first lap passing the finish line. However, twice, the eight-year-old driver was pushed off the track by two impetuous opponents, who ended up ruining what would have been a very well-executed race for him. Although these two incidents, both on the second lap, affected him on several levels, Xavier L\u00e1zaro achieved the goal of finishing in the best possible position, in this case 13th.<\/p>\n\n\n\n<figure class=\"wp-block-image size-large\"><img loading=\"lazy\" decoding=\"async\" width=\"1024\" height=\"576\" src=\"https:\/\/xavierlazaro.com\/wp-content\/uploads\/2021\/11\/2021XLTPKDomingoNot1a-1024x576.jpg\" alt=\"\" class=\"wp-image-1079\" srcset=\"https:\/\/xavierlazaro.com\/wp-content\/uploads\/2021\/11\/2021XLTPKDomingoNot1a-1024x576.jpg 1024w, https:\/\/xavierlazaro.com\/wp-content\/uploads\/2021\/11\/2021XLTPKDomingoNot1a-300x169.jpg 300w, https:\/\/xavierlazaro.com\/wp-content\/uploads\/2021\/11\/2021XLTPKDomingoNot1a-768x432.jpg 768w, https:\/\/xavierlazaro.com\/wp-content\/uploads\/2021\/11\/2021XLTPKDomingoNot1a-1536x864.jpg 1536w, https:\/\/xavierlazaro.com\/wp-content\/uploads\/2021\/11\/2021XLTPKDomingoNot1a-150x84.jpg 150w, https:\/\/xavierlazaro.com\/wp-content\/uploads\/2021\/11\/2021XLTPKDomingoNot1a-696x392.jpg 696w, https:\/\/xavierlazaro.com\/wp-content\/uploads\/2021\/11\/2021XLTPKDomingoNot1a-1068x601.jpg 1068w, https:\/\/xavierlazaro.com\/wp-content\/uploads\/2021\/11\/2021XLTPKDomingoNot1a-747x420.jpg 747w, https:\/\/xavierlazaro.com\/wp-content\/uploads\/2021\/11\/2021XLTPKDomingoNot1a.jpg 1920w\" sizes=\"auto, (max-width: 1024px) 100vw, 1024px\" \/><\/figure>\n\n\n\n<p>The Final ended up having two stories, the first happier, the second very real. The first episode occurred at a start in which Xavier L\u00e1zaro \u2018shot\u2019 from 13th place to occupy an impressive fifth place in the middle of the first lap. However, since one of the drivers had left his position on the grid before the start, the organization decided to start again. In the second start, this one counting, Xavier L\u00e1zaro was unable to gain positions from the start, remaining in a group of drivers who were very aggressively competing for each position. <\/p>\n\n\n\n<p>With his already recognized strong mentality in racing, Xavier L\u00e1zaro overcame several opponents one by one, ending his presence in the Portuguese Cup in an excellent 10th place, a good reward for his best participation this year at the wheel of an X30 Mini kart. <\/p>\n\n\n\n<p><strong>\u201c\u2018Xavi\u2019 saved the best for last and today had his best performance ever at the wheel of a kart in this category\u201d<\/strong>, said his father, Vasco L\u00e1zaro, very happy. <strong>\u201cToday Xavier's kart was as good as possible, as a result of the good work carried out by the team at various levels. But on the track, the driver also responded, with enormous determination and a lot of desire. He made an excellent start in the Pre-Final, but ended up seeing his efforts sacrificed by two touches from opponents that ruined his race. With the pace he had, he could have been able to position himself well for the final race\u201d<\/strong>.<\/p>\n\n\n\n<p>Regarding his performance in the Final, Vasco L\u00e1zaro said, <strong>\u201cHe had his best race of the year. In a group that was very competitive by position, Xavier knew how to position himself so that each attempt to overtake was efficient and he was successful in each movement. He showed once again how brave he is in racing and how he is always thinking about what he is going to do. I think I can say he ended the season with a bang\u201d<\/strong>.<\/p>\n\n\n\n<p>Photos: <strong>Hellofoto<\/strong><\/p>\n\n\n\n<p> <\/p>","protected":false},"excerpt":{"rendered":"<p>Xavier L\u00e1zaro encerrou hoje a sua temporada nacional de karting. O piloto do Cabo Junior Team, apresentou-se bem mais competitivo em pista, com o staff t\u00e9cnico a conseguir extrair o melhor do conjunto Kart Republic\/Waterswift. Logo pela manh\u00e3, Xavier L\u00e1zaro mostrou que estava mais forte para este derradeiro dia de prova na Ta\u00e7a de Portugal\/Festa [&hellip;]<\/p>\n","protected":false},"author":1,"featured_media":1078,"comment_status":"closed","ping_status":"closed","sticky":false,"template":"","format":"standard","meta":{"_monsterinsights_skip_tracking":false,"_monsterinsights_sitenote_active":false,"_monsterinsights_sitenote_note":"","_monsterinsights_sitenote_category":0,"_uf_show_specific_survey":0,"_uf_disable_surveys":false,"footnotes":""},"categories":[3],"tags":[17,24,33,23,16,25,7],"class_list":{"0":"post-1077","1":"post","2":"type-post","3":"status-publish","4":"format-standard","5":"has-post-thumbnail","7":"category-noticias","8":"tag-cabo-junior-team-2","9":"tag-kart-republic","10":"tag-kartodromo-internacional-de-leiria","11":"tag-taca-de-portugal-karting","12":"tag-vasco-lazaro","13":"tag-x30-mini","14":"tag-xavier-lazaro"},"aioseo_notices":[],"amp_enabled":true,"_links":{"self":[{"href":"https:\/\/xavierlazaro.com\/en\/wp-json\/wp\/v2\/posts\/1077","targetHints":{"allow":["GET"]}}],"collection":[{"href":"https:\/\/xavierlazaro.com\/en\/wp-json\/wp\/v2\/posts"}],"about":[{"href":"https:\/\/xavierlazaro.com\/en\/wp-json\/wp\/v2\/types\/post"}],"author":[{"embeddable":true,"href":"https:\/\/xavierlazaro.com\/en\/wp-json\/wp\/v2\/users\/1"}],"replies":[{"embeddable":true,"href":"https:\/\/xavierlazaro.com\/en\/wp-json\/wp\/v2\/comments?post=1077"}],"version-history":[{"count":4,"href":"https:\/\/xavierlazaro.com\/en\/wp-json\/wp\/v2\/posts\/1077\/revisions"}],"predecessor-version":[{"id":1083,"href":"https:\/\/xavierlazaro.com\/en\/wp-json\/wp\/v2\/posts\/1077\/revisions\/1083"}],"wp:featuredmedia":[{"embeddable":true,"href":"https:\/\/xavierlazaro.com\/en\/wp-json\/wp\/v2\/media\/1078"}],"wp:attachment":[{"href":"https:\/\/xavierlazaro.com\/en\/wp-json\/wp\/v2\/media?parent=1077"}],"wp:term":[{"taxonomy":"category","embeddable":true,"href":"https:\/\/xavierlazaro.com\/en\/wp-json\/wp\/v2\/categories?post=1077"},{"taxonomy":"post_tag","embeddable":true,"href":"https:\/\/xavierlazaro.com\/en\/wp-json\/wp\/v2\/tags?post=1077"}],"curies":[{"name":"wp","href":"https:\/\/api.w.org\/{rel}","templated":true}]}}