{"id":1065,"date":"2021-11-06T20:38:16","date_gmt":"2021-11-06T20:38:16","guid":{"rendered":"https:\/\/xavierlazaro.com\/?p=1065"},"modified":"2021-11-06T22:16:57","modified_gmt":"2021-11-06T22:16:57","slug":"dia-de-muita-luta-para-xavier-lazaro-em-leiria","status":"publish","type":"post","link":"https:\/\/xavierlazaro.com\/en\/dia-de-muita-luta-para-xavier-lazaro-em-leiria\/","title":{"rendered":"Day of Much Struggle for Xavier L\u00e1zaro in Leiria"},"content":{"rendered":"<figure class=\"wp-block-image size-large\"><img loading=\"lazy\" decoding=\"async\" width=\"1024\" height=\"576\" src=\"https:\/\/xavierlazaro.com\/wp-content\/uploads\/2021\/11\/2021XLTPKSabado2-1024x576.jpg\" alt=\"\" class=\"wp-image-1066\" srcset=\"https:\/\/xavierlazaro.com\/wp-content\/uploads\/2021\/11\/2021XLTPKSabado2-1024x576.jpg 1024w, https:\/\/xavierlazaro.com\/wp-content\/uploads\/2021\/11\/2021XLTPKSabado2-300x169.jpg 300w, https:\/\/xavierlazaro.com\/wp-content\/uploads\/2021\/11\/2021XLTPKSabado2-768x432.jpg 768w, https:\/\/xavierlazaro.com\/wp-content\/uploads\/2021\/11\/2021XLTPKSabado2-1536x864.jpg 1536w, https:\/\/xavierlazaro.com\/wp-content\/uploads\/2021\/11\/2021XLTPKSabado2-150x84.jpg 150w, https:\/\/xavierlazaro.com\/wp-content\/uploads\/2021\/11\/2021XLTPKSabado2-696x392.jpg 696w, https:\/\/xavierlazaro.com\/wp-content\/uploads\/2021\/11\/2021XLTPKSabado2-1068x601.jpg 1068w, https:\/\/xavierlazaro.com\/wp-content\/uploads\/2021\/11\/2021XLTPKSabado2-747x420.jpg 747w, https:\/\/xavierlazaro.com\/wp-content\/uploads\/2021\/11\/2021XLTPKSabado2.jpg 1920w\" sizes=\"auto, (max-width: 1024px) 100vw, 1024px\" \/><\/figure>\n\n\n\n<p>Xavier L\u00e1zaro is not having an easy weekend in the Portuguese Cup\/Karting Festival, an event taking place at the International Karting Circuit of Leiria, organized by the Motor Sports Nucleus of that city (NDML). After losing his preferred engine during yesterday's official free practice session, the V\u00e1rzea de Sintra driver had to settle for the 13th position in Qualifying. His lap time of 51.973s left him more than a second behind the pole position in the X30 Mini category. <\/p>\n\n\n\n<p><strong>\"We were here a few days ago for testing, and the indicators made us quite optimistic for a good result this weekend. However, with the issue we had today with the engine, everything becomes a bit more challenging\"<\/strong>, this was stated yesterday by Vasco L\u00e1zaro, father of the Cabo J\u00fanior Team driver. <\/p>\n\n\n\n<p>With the damaged engine unable to be opened as it is sealed by the organization, Xavier L\u00e1zaro had to use a backup unit today, which obviously doesn't have the same level of performance. Nevertheless, the eight-year-old gave his best on the track, delivering strong performances in both qualifying heats.<\/p>\n\n\n\n<figure class=\"wp-block-image size-large\"><img loading=\"lazy\" decoding=\"async\" width=\"1024\" height=\"576\" src=\"https:\/\/xavierlazaro.com\/wp-content\/uploads\/2021\/11\/2021XLTPKSabado1-1024x576.jpg\" alt=\"\" class=\"wp-image-1069\" srcset=\"https:\/\/xavierlazaro.com\/wp-content\/uploads\/2021\/11\/2021XLTPKSabado1-1024x576.jpg 1024w, https:\/\/xavierlazaro.com\/wp-content\/uploads\/2021\/11\/2021XLTPKSabado1-300x169.jpg 300w, https:\/\/xavierlazaro.com\/wp-content\/uploads\/2021\/11\/2021XLTPKSabado1-768x432.jpg 768w, https:\/\/xavierlazaro.com\/wp-content\/uploads\/2021\/11\/2021XLTPKSabado1-1536x864.jpg 1536w, https:\/\/xavierlazaro.com\/wp-content\/uploads\/2021\/11\/2021XLTPKSabado1-150x84.jpg 150w, https:\/\/xavierlazaro.com\/wp-content\/uploads\/2021\/11\/2021XLTPKSabado1-696x392.jpg 696w, https:\/\/xavierlazaro.com\/wp-content\/uploads\/2021\/11\/2021XLTPKSabado1-1068x601.jpg 1068w, https:\/\/xavierlazaro.com\/wp-content\/uploads\/2021\/11\/2021XLTPKSabado1-747x420.jpg 747w, https:\/\/xavierlazaro.com\/wp-content\/uploads\/2021\/11\/2021XLTPKSabado1.jpg 1920w\" sizes=\"auto, (max-width: 1024px) 100vw, 1024px\" \/><\/figure>\n\n\n\n<p>In the 1st Qualifying Heat, starting from 13th, Xavier L\u00e1zaro showed determination on the track, managing to reach the 10th position. It's a commendable position considering the limitations in terms of performance, even though the team was able to extract the maximum from the Kart Republic engine. The driver clocked his best lap at 51.481s, almost three-tenths faster than the qualifying time.<\/p>\n\n\n\n<p>In the 2nd Qualifying Heat, Xavier L\u00e1zaro started in 10th but was pushed by an opponent in the first lap, dropping several positions. His fighting spirit prevailed, and the V\u00e1rzea de Sintra driver fought his way back to the 10th position, where he ultimately finished the race. His best lap was 51.432s, slightly better than in the previous heat.<\/p>\n\n\n\n<p><strong>\"He is doing the best he can, considering the equipment available for these two days\"<\/strong>Vasco L\u00e1zaro said resignedly. <strong>\"Things are what they are, and his engine is missed. We're not exactly sure what happened to the engine, but perhaps a more violent contact with a curb caused damage and a sudden loss of performance. Nevertheless, with this backup engine, 'Xavi' is very determined and eager for races, which is quite positive and shows the strength of his mentality. Tomorrow is another day, and he will surely do his best with the conditions he has. In the morning, during the free practice sessions, we'll still try to improve his equipment a bit more,\"<\/strong>, concluded the driver's father.<\/p>\n\n\n\n<p>You can check all the results from the Leiria event <strong><a href=\"http:\/\/cpkarting.pt\/resultados\/\" target=\"_blank\" rel=\"noreferrer noopener\">HERE<\/a><\/strong>.<\/p>\n\n\n\n<p>Photos: <strong>Hellofoto<\/strong><\/p>","protected":false},"excerpt":{"rendered":"<p>Xavier L\u00e1zaro n\u00e3o est\u00e1 a ter um fim de semana f\u00e1cil na Ta\u00e7a de Portugal\/Festa do Karting, prova que est\u00e1 a ter lugar no Kart\u00f3dromo Internacional de Leiria, com organiza\u00e7\u00e3o a cargo do N\u00facleo de Desportos Motorizados daquela cidade (NDML). Depois de ontem ter ficado sem o seu motor de elei\u00e7\u00e3o na sess\u00e3o oficial de [&hellip;]<\/p>\n","protected":false},"author":1,"featured_media":1066,"comment_status":"closed","ping_status":"closed","sticky":false,"template":"","format":"standard","meta":{"_monsterinsights_skip_tracking":false,"_monsterinsights_sitenote_active":false,"_monsterinsights_sitenote_note":"","_monsterinsights_sitenote_category":0,"_uf_show_specific_survey":0,"_uf_disable_surveys":false,"footnotes":""},"categories":[3],"tags":[17,24,33,23,16,25,7],"class_list":{"0":"post-1065","1":"post","2":"type-post","3":"status-publish","4":"format-standard","5":"has-post-thumbnail","7":"category-noticias","8":"tag-cabo-junior-team-2","9":"tag-kart-republic","10":"tag-kartodromo-internacional-de-leiria","11":"tag-taca-de-portugal-karting","12":"tag-vasco-lazaro","13":"tag-x30-mini","14":"tag-xavier-lazaro"},"aioseo_notices":[],"amp_enabled":true,"_links":{"self":[{"href":"https:\/\/xavierlazaro.com\/en\/wp-json\/wp\/v2\/posts\/1065","targetHints":{"allow":["GET"]}}],"collection":[{"href":"https:\/\/xavierlazaro.com\/en\/wp-json\/wp\/v2\/posts"}],"about":[{"href":"https:\/\/xavierlazaro.com\/en\/wp-json\/wp\/v2\/types\/post"}],"author":[{"embeddable":true,"href":"https:\/\/xavierlazaro.com\/en\/wp-json\/wp\/v2\/users\/1"}],"replies":[{"embeddable":true,"href":"https:\/\/xavierlazaro.com\/en\/wp-json\/wp\/v2\/comments?post=1065"}],"version-history":[{"count":9,"href":"https:\/\/xavierlazaro.com\/en\/wp-json\/wp\/v2\/posts\/1065\/revisions"}],"predecessor-version":[{"id":1076,"href":"https:\/\/xavierlazaro.com\/en\/wp-json\/wp\/v2\/posts\/1065\/revisions\/1076"}],"wp:featuredmedia":[{"embeddable":true,"href":"https:\/\/xavierlazaro.com\/en\/wp-json\/wp\/v2\/media\/1066"}],"wp:attachment":[{"href":"https:\/\/xavierlazaro.com\/en\/wp-json\/wp\/v2\/media?parent=1065"}],"wp:term":[{"taxonomy":"category","embeddable":true,"href":"https:\/\/xavierlazaro.com\/en\/wp-json\/wp\/v2\/categories?post=1065"},{"taxonomy":"post_tag","embeddable":true,"href":"https:\/\/xavierlazaro.com\/en\/wp-json\/wp\/v2\/tags?post=1065"}],"curies":[{"name":"wp","href":"https:\/\/api.w.org\/{rel}","templated":true}]}}