{"id":1053,"date":"2021-11-05T18:49:53","date_gmt":"2021-11-05T18:49:53","guid":{"rendered":"https:\/\/xavierlazaro.com\/?p=1053"},"modified":"2021-11-05T18:50:04","modified_gmt":"2021-11-05T18:50:04","slug":"venha-a-taca","status":"publish","type":"post","link":"https:\/\/xavierlazaro.com\/en\/venha-a-taca\/","title":{"rendered":"Bring on the Cup!"},"content":{"rendered":"<figure class=\"wp-block-image size-large\"><img loading=\"lazy\" decoding=\"async\" width=\"1024\" height=\"576\" src=\"https:\/\/xavierlazaro.com\/wp-content\/uploads\/2021\/11\/2021XLTPKSexta1-1024x576.jpg\" alt=\"\" class=\"wp-image-1054\" srcset=\"https:\/\/xavierlazaro.com\/wp-content\/uploads\/2021\/11\/2021XLTPKSexta1-1024x576.jpg 1024w, https:\/\/xavierlazaro.com\/wp-content\/uploads\/2021\/11\/2021XLTPKSexta1-300x169.jpg 300w, https:\/\/xavierlazaro.com\/wp-content\/uploads\/2021\/11\/2021XLTPKSexta1-768x432.jpg 768w, https:\/\/xavierlazaro.com\/wp-content\/uploads\/2021\/11\/2021XLTPKSexta1-1536x864.jpg 1536w, https:\/\/xavierlazaro.com\/wp-content\/uploads\/2021\/11\/2021XLTPKSexta1-150x84.jpg 150w, https:\/\/xavierlazaro.com\/wp-content\/uploads\/2021\/11\/2021XLTPKSexta1-696x392.jpg 696w, https:\/\/xavierlazaro.com\/wp-content\/uploads\/2021\/11\/2021XLTPKSexta1-1068x601.jpg 1068w, https:\/\/xavierlazaro.com\/wp-content\/uploads\/2021\/11\/2021XLTPKSexta1-747x420.jpg 747w, https:\/\/xavierlazaro.com\/wp-content\/uploads\/2021\/11\/2021XLTPKSexta1.jpg 1920w\" sizes=\"auto, (max-width: 1024px) 100vw, 1024px\" \/><\/figure>\n\n\n\n<p>The year 2021 was unusual in Xavier L\u00e1zaro's still short competitive journey. On the one hand, the season started with the 2020 edition of the Portuguese Cup, a race the driver won in his final appearance behind the wheel of the Initiation kart, the same one with which he became the national champion. On the other hand, it marked a new path for the future with the 'promotion' to the X30 Mini category. <\/p>\n\n\n\n<p>De &#8216;p\u00e9s bem assentes na terra&#8217; o jovem campe\u00e3o em t\u00edtulo n\u00e3o &#8216;embandeirou em arco&#8217; no novo desafio e assumiu desde cedo as maiores pretens\u00f5es para o ano em curso: aprender e evoluir. Assim, marcou toda a sua postura na temporada nacional, que este fim de semana se encerra, por humildemente ir evoluindo ao volante do Kart Republic do Cabo J\u00fanior Team, numa categoria repleta de talento e onde grande parte dos advers\u00e1rios \u00e9 bem mais experiente, todos eles mais velhos que o Xavier.<\/p>\n\n\n\n<p>The five stages of the championship were a tremendous learning experience for the driver from V\u00e1rzea de Sintra, who improved his performance on the track, accumulating lessons and experiences that will undoubtedly be useful in the future. In what was a challenging season, all set goals were achieved, although some with greater or lesser difficulty. Xavier was a determined driver, always aware of his abilities and limitations compared to the competition. Behind the wheel of the X30 Mini, he had time to learn and showcase his potential and talent, race after race. The Portuguese Cup, which is the grand 'Karting Festival' in our country, will be an important event for the eight-year-old to have fun and unwind, while his future continues to be defined in a calculated and step-by-step manner.<\/p>\n\n\n\n<figure class=\"wp-block-image size-large\"><img loading=\"lazy\" decoding=\"async\" width=\"1024\" height=\"576\" src=\"https:\/\/xavierlazaro.com\/wp-content\/uploads\/2021\/11\/2021XLTPKSexta2-1024x576.jpg\" alt=\"\" class=\"wp-image-1059\" srcset=\"https:\/\/xavierlazaro.com\/wp-content\/uploads\/2021\/11\/2021XLTPKSexta2-1024x576.jpg 1024w, https:\/\/xavierlazaro.com\/wp-content\/uploads\/2021\/11\/2021XLTPKSexta2-300x169.jpg 300w, https:\/\/xavierlazaro.com\/wp-content\/uploads\/2021\/11\/2021XLTPKSexta2-768x432.jpg 768w, https:\/\/xavierlazaro.com\/wp-content\/uploads\/2021\/11\/2021XLTPKSexta2-1536x864.jpg 1536w, https:\/\/xavierlazaro.com\/wp-content\/uploads\/2021\/11\/2021XLTPKSexta2-150x84.jpg 150w, https:\/\/xavierlazaro.com\/wp-content\/uploads\/2021\/11\/2021XLTPKSexta2-696x392.jpg 696w, https:\/\/xavierlazaro.com\/wp-content\/uploads\/2021\/11\/2021XLTPKSexta2-1068x601.jpg 1068w, https:\/\/xavierlazaro.com\/wp-content\/uploads\/2021\/11\/2021XLTPKSexta2-747x420.jpg 747w, https:\/\/xavierlazaro.com\/wp-content\/uploads\/2021\/11\/2021XLTPKSexta2.jpg 1920w\" sizes=\"auto, (max-width: 1024px) 100vw, 1024px\" \/><\/figure>\n\n\n\n<p>&#8220;<strong>\"This is the event that marks the end of a very intense season, especially considering that Xavier is still very young\"<\/strong>,the father, Vasco L\u00e1zaro, stated. <strong>\"This year, 'Xavi' knew that he was going through a learning period in a new, much more demanding category than Initiation. He always assumed a posture of great thirst for learning and finishes the season in Portugal with tremendous growth, much more prepared to start competing at the highest level.<\/strong> <\/p>\n\n\n\n<p><strong>\"This weekend, above all, I want him to have fun on the track, on a layout that he enjoys\"<\/strong>, concluded Vasco L\u00e1zaro.<\/p>\n\n\n\n<p>The Portuguese Cup Karting Festival, organized by the Motor Sports Nucleus of Leiria (NDML), takes place this weekend at the International Karting Circuit in the city of Leiria.<\/p>\n\n\n\n<p>Photos: <strong>Hellofoto and Vasco L\u00e1zaro<\/strong><\/p>","protected":false},"excerpt":{"rendered":"<p>O ano de 2021 foi invulgar no ainda curto percurso competitivo de Xavier L\u00e1zaro. Se por um lado a temporada come\u00e7ou com a edi\u00e7\u00e3o 2020 da Ta\u00e7a de Portugal, prova que o piloto venceu na derradeira &#8216;apari\u00e7\u00e3o&#8217; ao volante do kart da Inicia\u00e7\u00e3o, o mesmo com que se sagrou campe\u00e3o nacional, por outro marcou um [&hellip;]<\/p>\n","protected":false},"author":1,"featured_media":1054,"comment_status":"closed","ping_status":"closed","sticky":false,"template":"","format":"standard","meta":{"_monsterinsights_skip_tracking":false,"_monsterinsights_sitenote_active":false,"_monsterinsights_sitenote_note":"","_monsterinsights_sitenote_category":0,"_uf_show_specific_survey":0,"_uf_disable_surveys":false,"footnotes":""},"categories":[3],"tags":[17,24,33,23,16,25,7],"class_list":{"0":"post-1053","1":"post","2":"type-post","3":"status-publish","4":"format-standard","5":"has-post-thumbnail","7":"category-noticias","8":"tag-cabo-junior-team-2","9":"tag-kart-republic","10":"tag-kartodromo-internacional-de-leiria","11":"tag-taca-de-portugal-karting","12":"tag-vasco-lazaro","13":"tag-x30-mini","14":"tag-xavier-lazaro"},"aioseo_notices":[],"amp_enabled":true,"_links":{"self":[{"href":"https:\/\/xavierlazaro.com\/en\/wp-json\/wp\/v2\/posts\/1053","targetHints":{"allow":["GET"]}}],"collection":[{"href":"https:\/\/xavierlazaro.com\/en\/wp-json\/wp\/v2\/posts"}],"about":[{"href":"https:\/\/xavierlazaro.com\/en\/wp-json\/wp\/v2\/types\/post"}],"author":[{"embeddable":true,"href":"https:\/\/xavierlazaro.com\/en\/wp-json\/wp\/v2\/users\/1"}],"replies":[{"embeddable":true,"href":"https:\/\/xavierlazaro.com\/en\/wp-json\/wp\/v2\/comments?post=1053"}],"version-history":[{"count":8,"href":"https:\/\/xavierlazaro.com\/en\/wp-json\/wp\/v2\/posts\/1053\/revisions"}],"predecessor-version":[{"id":1063,"href":"https:\/\/xavierlazaro.com\/en\/wp-json\/wp\/v2\/posts\/1053\/revisions\/1063"}],"wp:featuredmedia":[{"embeddable":true,"href":"https:\/\/xavierlazaro.com\/en\/wp-json\/wp\/v2\/media\/1054"}],"wp:attachment":[{"href":"https:\/\/xavierlazaro.com\/en\/wp-json\/wp\/v2\/media?parent=1053"}],"wp:term":[{"taxonomy":"category","embeddable":true,"href":"https:\/\/xavierlazaro.com\/en\/wp-json\/wp\/v2\/categories?post=1053"},{"taxonomy":"post_tag","embeddable":true,"href":"https:\/\/xavierlazaro.com\/en\/wp-json\/wp\/v2\/tags?post=1053"}],"curies":[{"name":"wp","href":"https:\/\/api.w.org\/{rel}","templated":true}]}}