{"id":1019,"date":"2021-10-04T12:15:13","date_gmt":"2021-10-04T12:15:13","guid":{"rendered":"https:\/\/xavierlazaro.com\/?p=1019"},"modified":"2021-10-04T12:22:05","modified_gmt":"2021-10-04T12:22:05","slug":"mentalidade-forte-ajuda-a-bom-resultado-em-braga","status":"publish","type":"post","link":"https:\/\/xavierlazaro.com\/en\/mentalidade-forte-ajuda-a-bom-resultado-em-braga\/","title":{"rendered":"Strong Mindset Helps Achieve Good Results in Braga"},"content":{"rendered":"<figure class=\"wp-block-image size-large\"><img loading=\"lazy\" decoding=\"async\" width=\"1024\" height=\"576\" src=\"https:\/\/xavierlazaro.com\/wp-content\/uploads\/2021\/10\/2021XLCPKBragaPress2b-1024x576.jpg\" alt=\"\" class=\"wp-image-1020\" srcset=\"https:\/\/xavierlazaro.com\/wp-content\/uploads\/2021\/10\/2021XLCPKBragaPress2b-1024x576.jpg 1024w, https:\/\/xavierlazaro.com\/wp-content\/uploads\/2021\/10\/2021XLCPKBragaPress2b-300x169.jpg 300w, https:\/\/xavierlazaro.com\/wp-content\/uploads\/2021\/10\/2021XLCPKBragaPress2b-768x432.jpg 768w, https:\/\/xavierlazaro.com\/wp-content\/uploads\/2021\/10\/2021XLCPKBragaPress2b-1536x864.jpg 1536w, https:\/\/xavierlazaro.com\/wp-content\/uploads\/2021\/10\/2021XLCPKBragaPress2b-150x84.jpg 150w, https:\/\/xavierlazaro.com\/wp-content\/uploads\/2021\/10\/2021XLCPKBragaPress2b-696x392.jpg 696w, https:\/\/xavierlazaro.com\/wp-content\/uploads\/2021\/10\/2021XLCPKBragaPress2b-1068x601.jpg 1068w, https:\/\/xavierlazaro.com\/wp-content\/uploads\/2021\/10\/2021XLCPKBragaPress2b-747x420.jpg 747w, https:\/\/xavierlazaro.com\/wp-content\/uploads\/2021\/10\/2021XLCPKBragaPress2b.jpg 1920w\" sizes=\"auto, (max-width: 1024px) 100vw, 1024px\" \/><\/figure>\n\n\n\n<p>Xavier L\u00e1zaro concluded his participation in the Karting KIA Portugal Championship this weekend in Braga. In his debut season in the X30 Mini category, the reigning champion in the Initiation class once again showed a very good level behind the wheel of the Kart Republic of Cabo Junior Team, achieving good results in the event organized by ACDME at the Braga International Karting Circuit (KIB).<\/p>\n\n\n\n<p>On Saturday, Xavier L\u00e1zaro had already shown signs of becoming increasingly comfortable in the X30 Mini category, where he made his debut this year and is the youngest driver. Yesterday, he showed strength once again, even better than the previous day, particularly in terms of competitive posture. In the Qualifying sessions, Xavier L\u00e1zaro set his best lap time at 1m01.807s, a result that left him 0.887s behind the pole position. <\/p>\n\n\n\n<p>In the 2nd Qualifying Heat, the youngster from V\u00e1rzea de Sintra performed strongly, starting the 10-lap race very well. Combative and highly competitive, Xavier L\u00e1zaro climbed positions as much as possible, finishing the race in a positive eighth place. His best lap of the race was recorded at 1m01.296, just over three tenths behind the fastest lap.<\/p>\n\n\n\n<figure class=\"wp-block-image size-large\"><img loading=\"lazy\" decoding=\"async\" width=\"1024\" height=\"576\" src=\"https:\/\/xavierlazaro.com\/wp-content\/uploads\/2021\/10\/2021XLCPKBragaPress2a-1024x576.jpg\" alt=\"\" class=\"wp-image-1022\" srcset=\"https:\/\/xavierlazaro.com\/wp-content\/uploads\/2021\/10\/2021XLCPKBragaPress2a-1024x576.jpg 1024w, https:\/\/xavierlazaro.com\/wp-content\/uploads\/2021\/10\/2021XLCPKBragaPress2a-300x169.jpg 300w, https:\/\/xavierlazaro.com\/wp-content\/uploads\/2021\/10\/2021XLCPKBragaPress2a-768x432.jpg 768w, https:\/\/xavierlazaro.com\/wp-content\/uploads\/2021\/10\/2021XLCPKBragaPress2a-1536x864.jpg 1536w, https:\/\/xavierlazaro.com\/wp-content\/uploads\/2021\/10\/2021XLCPKBragaPress2a-150x84.jpg 150w, https:\/\/xavierlazaro.com\/wp-content\/uploads\/2021\/10\/2021XLCPKBragaPress2a-696x392.jpg 696w, https:\/\/xavierlazaro.com\/wp-content\/uploads\/2021\/10\/2021XLCPKBragaPress2a-1068x601.jpg 1068w, https:\/\/xavierlazaro.com\/wp-content\/uploads\/2021\/10\/2021XLCPKBragaPress2a-747x420.jpg 747w, https:\/\/xavierlazaro.com\/wp-content\/uploads\/2021\/10\/2021XLCPKBragaPress2a.jpg 1920w\" sizes=\"auto, (max-width: 1024px) 100vw, 1024px\" \/><\/figure>\n\n\n\n<p><strong>\"Once again Xavier showed strength, reacting convincingly to the position he brought from the qualifying sessions\"<\/strong>,the father, Vasco L\u00e1zaro, stated. <strong>\"He is getting better every day, physically, technically, and psychologically. Moreover, he is having fun on the track\"<\/strong>.<\/p>\n\n\n\n<p>In Race 2, Xavier L\u00e1zaro had a good start, although he couldn't avoid a collision that damaged the nose of the Kart Republic. The race was interrupted due to an accident, but when it resumed, the driver from Cabo Junior Team once again showed strength in fighting for the top positions, engaging in battles with some much more experienced opponents. After the 13 laps of the race, Xavier L\u00e1zaro finished in 11th place. This result doesn't reflect the young eight-year-old's good performance in what was the final race of the year in the Karting KIA Portugal Championship. The penalty imposed for the damage to the Kart Republic's nose was decisive for Xavier L\u00e1zaro to finish outside the top 10. Nevertheless, both the overall season assessment and the driver's performance in Braga are widely positive.<\/p>\n\n\n\n<p><\/p>\n\n\n\n<figure class=\"wp-block-image size-large\"><img loading=\"lazy\" decoding=\"async\" width=\"1024\" height=\"576\" src=\"https:\/\/xavierlazaro.com\/wp-content\/uploads\/2021\/10\/2021XLCPKBragaPress2c-1024x576.jpg\" alt=\"\" class=\"wp-image-1023\" srcset=\"https:\/\/xavierlazaro.com\/wp-content\/uploads\/2021\/10\/2021XLCPKBragaPress2c-1024x576.jpg 1024w, https:\/\/xavierlazaro.com\/wp-content\/uploads\/2021\/10\/2021XLCPKBragaPress2c-300x169.jpg 300w, https:\/\/xavierlazaro.com\/wp-content\/uploads\/2021\/10\/2021XLCPKBragaPress2c-768x432.jpg 768w, https:\/\/xavierlazaro.com\/wp-content\/uploads\/2021\/10\/2021XLCPKBragaPress2c-1536x864.jpg 1536w, https:\/\/xavierlazaro.com\/wp-content\/uploads\/2021\/10\/2021XLCPKBragaPress2c-150x84.jpg 150w, https:\/\/xavierlazaro.com\/wp-content\/uploads\/2021\/10\/2021XLCPKBragaPress2c-696x392.jpg 696w, https:\/\/xavierlazaro.com\/wp-content\/uploads\/2021\/10\/2021XLCPKBragaPress2c-1068x601.jpg 1068w, https:\/\/xavierlazaro.com\/wp-content\/uploads\/2021\/10\/2021XLCPKBragaPress2c-747x420.jpg 747w, https:\/\/xavierlazaro.com\/wp-content\/uploads\/2021\/10\/2021XLCPKBragaPress2c.jpg 1920w\" sizes=\"auto, (max-width: 1024px) 100vw, 1024px\" \/><\/figure>\n\n\n\n<p><strong>\"I can't hide that I am very pleased with Xavier's performance this weekend\"<\/strong>, said Vasco L\u00e1zaro. <strong>\"He is getting stronger every day. I feel him more comfortable behind the wheel of the X30 Mini, and I say this at all levels. Today, he also had to manage his emotions because the accident that led to the interruption of Race 2, where a driver injured his leg, ended up affecting him psychologically a bit. Nevertheless, he reacted well and fought with some of his opponents. Looking closely at his journey since the beginning of the year, I notice tremendous progress, which makes me optimistic for the future\"<\/strong>.<\/p>\n\n\n\n<p>Having completed his first season in the X30 Mini category of the Karting KIA Portugal Championship, Xavier L\u00e1zaro was happy but already focused on the next race. <strong>\"I am happy with my performance in the championship\"<\/strong>, said the eight-year-old. <strong>\"This was a learning season, and I already feel much more comfortable in the kart. Now, I want to start focusing on the Portugal Cup, a race that I really enjoy. I want to thank my parents for the support they always give me. I also want to thank the Cabo Junior Team, especially Jacinto Gameiro and Jos\u00e9 Cabo\"<\/strong>.<\/p>\n\n\n\n<p>You can check all the results from the weekend <strong><a href=\"http:\/\/cpkarting.pt\/resultados\/\" target=\"_blank\" rel=\"noreferrer noopener\">HERE<\/a><\/strong> .<\/p>\n\n\n\n<p>Photos: <strong>Hellofoto<\/strong><\/p>","protected":false},"excerpt":{"rendered":"<p>Xavier L\u00e1zaro encerrou a sua participa\u00e7\u00e3o no Campeonato de Portugal de Karting KIA este fim de semana, em Braga. Na temporada de estreia na X30 Mini, o campe\u00e3o em t\u00edtulo da Inicia\u00e7\u00e3o, tornou a estar em muito bom n\u00edvel ao volante do Kart Republic do Cabo J\u00fanior Team, conseguindo bons resultados na prova organizada pela [&hellip;]<\/p>\n","protected":false},"author":1,"featured_media":1020,"comment_status":"closed","ping_status":"closed","sticky":false,"template":"","format":"standard","meta":{"_monsterinsights_skip_tracking":false,"_monsterinsights_sitenote_active":false,"_monsterinsights_sitenote_note":"","_monsterinsights_sitenote_category":0,"_uf_show_specific_survey":0,"_uf_disable_surveys":false,"footnotes":""},"categories":[3],"tags":[17,8,24,9,16,25,7],"class_list":{"0":"post-1019","1":"post","2":"type-post","3":"status-publish","4":"format-standard","5":"has-post-thumbnail","7":"category-noticias","8":"tag-cabo-junior-team-2","9":"tag-campeonato-portugal-karting-kia","10":"tag-kart-republic","11":"tag-kartodromo-internacional-braga","12":"tag-vasco-lazaro","13":"tag-x30-mini","14":"tag-xavier-lazaro"},"aioseo_notices":[],"amp_enabled":true,"_links":{"self":[{"href":"https:\/\/xavierlazaro.com\/en\/wp-json\/wp\/v2\/posts\/1019","targetHints":{"allow":["GET"]}}],"collection":[{"href":"https:\/\/xavierlazaro.com\/en\/wp-json\/wp\/v2\/posts"}],"about":[{"href":"https:\/\/xavierlazaro.com\/en\/wp-json\/wp\/v2\/types\/post"}],"author":[{"embeddable":true,"href":"https:\/\/xavierlazaro.com\/en\/wp-json\/wp\/v2\/users\/1"}],"replies":[{"embeddable":true,"href":"https:\/\/xavierlazaro.com\/en\/wp-json\/wp\/v2\/comments?post=1019"}],"version-history":[{"count":5,"href":"https:\/\/xavierlazaro.com\/en\/wp-json\/wp\/v2\/posts\/1019\/revisions"}],"predecessor-version":[{"id":1030,"href":"https:\/\/xavierlazaro.com\/en\/wp-json\/wp\/v2\/posts\/1019\/revisions\/1030"}],"wp:featuredmedia":[{"embeddable":true,"href":"https:\/\/xavierlazaro.com\/en\/wp-json\/wp\/v2\/media\/1020"}],"wp:attachment":[{"href":"https:\/\/xavierlazaro.com\/en\/wp-json\/wp\/v2\/media?parent=1019"}],"wp:term":[{"taxonomy":"category","embeddable":true,"href":"https:\/\/xavierlazaro.com\/en\/wp-json\/wp\/v2\/categories?post=1019"},{"taxonomy":"post_tag","embeddable":true,"href":"https:\/\/xavierlazaro.com\/en\/wp-json\/wp\/v2\/tags?post=1019"}],"curies":[{"name":"wp","href":"https:\/\/api.w.org\/{rel}","templated":true}]}}